{"id":67747,"date":"2026-02-11T23:14:07","date_gmt":"2026-02-11T21:14:07","guid":{"rendered":"https:\/\/kvalitetvremena.com\/?p=67747"},"modified":"2026-02-11T23:14:07","modified_gmt":"2026-02-11T21:14:07","slug":"vece-istine-kako-je-jedno-priznanje-promijenilo-tok-mog-zivota","status":"publish","type":"post","link":"https:\/\/vaterpolosrbija.rs\/?p=67747","title":{"rendered":"Ve\u010de istine: Kako je jedno priznanje promijenilo tok mog \u017eivota"},"content":{"rendered":"\n<p>Bend je zavr\u0161io na\u0161 prvi ples, a sala je bila ispunjena svjetlom lustera i tihim \u017eamorom gostiju. Jamesova ruka jo\u0161 je bila na mojim le\u0111ima, a ja sam poku\u0161avala zadr\u017eati mir koji sam gradila mjesecima. Kada sam vidjela svoju sestru Melissu kako odlu\u010dno prilazi mikrofonu, znala sam da dolazi trenutak koji \u0107e promijeniti sve.<\/p>\n\n\n\n<p>Ve\u0107 neko vrijeme sam sumnjala da ne\u0161to nije u redu. Kao forenzi\u010dka ra\u010dunovo\u0111a, navikla sam obra\u0107ati pa\u017enju na detalje. Nekoliko nelogi\u010dnosti u tro\u0161kovima i obja\u0161njenjima bilo je dovoljno da po\u010dnem postavljati pitanja. Umjesto naglih odluka, odlu\u010dila sam da prikupim \u010dinjenice i za\u0161titim sebe.<\/p>\n\n\n\n<p>Melissa je uzela mikrofon i zatra\u017eila pa\u017enju. Uslijedila je izjava koja je \u0161okirala goste i izazvala \u0161apat u sali. Dok su pogledi bili uprti u mene, ostala sam smirena. Ve\u0107 sam znala da je istina slo\u017eenija nego \u0161to je izgledala i da \u0107u se s njom suo\u010diti na na\u010din koji \u0107e mi omogu\u0107iti dostojanstvo i jasno\u0107u.<\/p>\n\n\n\n<p>Umjesto rasprave pred svima, kratko sam rekla da sam svjesna situacije i da \u0107e se sve rje\u0161avati odgovorno i u skladu sa zakonom. Time je slavlje prakti\u010dno zavr\u0161eno, a ve\u010der je dobila druga\u010diji ton.<\/p>\n\n\n\n<p>Zahvaljuju\u0107i savjetima pravnog tima i prethodno potpisanom predbra\u010dnom ugovoru, imala sam jasne mehanizme za\u0161tite. Dokumentacija i \u010dinjenice govorile su same za sebe. Nije bilo potrebe za dramatizacijom \u2013 samo za dosljedno\u0161\u0107u i po\u0161tovanjem sopstvenih granica.<\/p>\n\n\n\n<p>Napustila sam salu bez podizanja glasa. Ispred hotela me je do\u010dekao hladan zrak i osje\u0107aj olak\u0161anja. Shvatila sam da kraj jednog odnosa, koliko god bolan bio, mo\u017ee biti po\u010detak ne\u010deg stabilnijeg i iskrenijeg.<\/p>\n\n\n\n<p>Te no\u0107i nisam oti\u0161la kao \u017ertva skandala, ve\u0107 kao osoba koja je odlu\u010dila da izabere samopo\u0161tovanje. Nau\u010dila sam da mir nije slabost, ve\u0107 snaga \u2013 posebno onda kada ga zadr\u017ei\u0161 u trenutku kada svi o\u010dekuju buru.<\/p>\n","protected":false},"excerpt":{"rendered":"<p>Bend je zavr\u0161io na\u0161 prvi ples, a sala je bila ispunjena svjetlom lustera i tihim \u017eamorom gostiju. Jamesova ruka jo\u0161 je bila na mojim le\u0111ima, a ja sam poku\u0161avala zadr\u017eati mir koji sam gradila mjesecima. Kada sam vidjela svoju sestru Melissu kako odlu\u010dno prilazi mikrofonu, znala sam da dolazi trenutak koji \u0107e promijeniti sve. Ve\u0107 [&hellip;]<\/p>\n","protected":false},"author":1,"featured_media":67748,"comment_status":"closed","ping_status":"closed","sticky":false,"template":"","format":"standard","meta":{"footnotes":""},"categories":[12],"tags":[],"class_list":["post-67747","post","type-post","status-publish","format-standard","has-post-thumbnail","hentry","category-ispovijest"],"_links":{"self":[{"href":"https:\/\/vaterpolosrbija.rs\/index.php?rest_route=\/wp\/v2\/posts\/67747","targetHints":{"allow":["GET"]}}],"collection":[{"href":"https:\/\/vaterpolosrbija.rs\/index.php?rest_route=\/wp\/v2\/posts"}],"about":[{"href":"https:\/\/vaterpolosrbija.rs\/index.php?rest_route=\/wp\/v2\/types\/post"}],"author":[{"embeddable":true,"href":"https:\/\/vaterpolosrbija.rs\/index.php?rest_route=\/wp\/v2\/users\/1"}],"replies":[{"embeddable":true,"href":"https:\/\/vaterpolosrbija.rs\/index.php?rest_route=%2Fwp%2Fv2%2Fcomments&post=67747"}],"version-history":[{"count":0,"href":"https:\/\/vaterpolosrbija.rs\/index.php?rest_route=\/wp\/v2\/posts\/67747\/revisions"}],"wp:featuredmedia":[{"embeddable":true,"href":"https:\/\/vaterpolosrbija.rs\/index.php?rest_route=\/wp\/v2\/media\/67748"}],"wp:attachment":[{"href":"https:\/\/vaterpolosrbija.rs\/index.php?rest_route=%2Fwp%2Fv2%2Fmedia&parent=67747"}],"wp:term":[{"taxonomy":"category","embeddable":true,"href":"https:\/\/vaterpolosrbija.rs\/index.php?rest_route=%2Fwp%2Fv2%2Fcategories&post=67747"},{"taxonomy":"post_tag","embeddable":true,"href":"https:\/\/vaterpolosrbija.rs\/index.php?rest_route=%2Fwp%2Fv2%2Ftags&post=67747"}],"curies":[{"name":"wp","href":"https:\/\/api.w.org\/{rel}","templated":true}]}}