{"id":67740,"date":"2026-02-11T22:36:44","date_gmt":"2026-02-11T20:36:44","guid":{"rendered":"https:\/\/kvalitetvremena.com\/?p=67740"},"modified":"2026-02-11T22:36:44","modified_gmt":"2026-02-11T20:36:44","slug":"dodik-uputio-poruku-podrske-dokovicu-reakcije-na-drustvenim-mrezama-podijeljene","status":"publish","type":"post","link":"https:\/\/vaterpolosrbija.rs\/?p=67740","title":{"rendered":"Dodik uputio poruku podr\u0161ke \u0110okovi\u0107u, reakcije na dru\u0161tvenim mre\u017eama podijeljene"},"content":{"rendered":"\n<p>Predsjednik SNSD-a Milorad Dodik oglasio se na dru\u0161tvenim mre\u017eama povodom plasmana Novaka \u0110okovi\u0107a u finale Australian Opena, uputiv\u0161i mu javnu poruku podr\u0161ke. Njegova objava izazvala je brojne reakcije korisnika, koje su bile podijeljene.<\/p>\n\n\n\n<p>U poruci je Dodik istakao \u0110okovi\u0107evu borbenost, upornost i dugogodi\u0161nje sportske uspjehe, navode\u0107i da je plasman u finale jo\u0161 jedna potvrda njegovog \u0161ampionskog statusa i kontinuiteta vrhunskih rezultata.<\/p>\n\n\n\n<p>Nakon objave uslijedili su razli\u010diti komentari. Dok su jedni podr\u017eali poruku i \u010destitali sportisti na uspjehu, drugi su podsjetili na ranije javne istupe politi\u010dara u vezi s porodicom \u0110okovi\u0107, isti\u010du\u0107i potrebu za dosljedno\u0161\u0107u u javnoj komunikaciji.<\/p>\n\n\n\n<p>Rasprava se potom pro\u0161irila i na \u0161ira pitanja odnosa politi\u010dara prema sportskim uspjesima, kao i na ulogu javnih li\u010dnosti u komunikaciji putem dru\u0161tvenih mre\u017ea.<\/p>\n\n\n\n<p>Novak \u0110okovi\u0107 se zasad nije ogla\u0161avao povodom poruke podr\u0161ke niti komentara koji su uslijedili, dok sportska javnost s velikim interesovanjem i\u0161\u010dekuje finale Australian Opena.<\/p>\n","protected":false},"excerpt":{"rendered":"<p>Predsjednik SNSD-a Milorad Dodik oglasio se na dru\u0161tvenim mre\u017eama povodom plasmana Novaka \u0110okovi\u0107a u finale Australian Opena, uputiv\u0161i mu javnu poruku podr\u0161ke. Njegova objava izazvala je brojne reakcije korisnika, koje su bile podijeljene. U poruci je Dodik istakao \u0110okovi\u0107evu borbenost, upornost i dugogodi\u0161nje sportske uspjehe, navode\u0107i da je plasman u finale jo\u0161 jedna potvrda njegovog [&hellip;]<\/p>\n","protected":false},"author":1,"featured_media":67741,"comment_status":"closed","ping_status":"closed","sticky":false,"template":"","format":"standard","meta":{"footnotes":""},"categories":[12],"tags":[],"class_list":["post-67740","post","type-post","status-publish","format-standard","has-post-thumbnail","hentry","category-ispovijest"],"_links":{"self":[{"href":"https:\/\/vaterpolosrbija.rs\/index.php?rest_route=\/wp\/v2\/posts\/67740","targetHints":{"allow":["GET"]}}],"collection":[{"href":"https:\/\/vaterpolosrbija.rs\/index.php?rest_route=\/wp\/v2\/posts"}],"about":[{"href":"https:\/\/vaterpolosrbija.rs\/index.php?rest_route=\/wp\/v2\/types\/post"}],"author":[{"embeddable":true,"href":"https:\/\/vaterpolosrbija.rs\/index.php?rest_route=\/wp\/v2\/users\/1"}],"replies":[{"embeddable":true,"href":"https:\/\/vaterpolosrbija.rs\/index.php?rest_route=%2Fwp%2Fv2%2Fcomments&post=67740"}],"version-history":[{"count":0,"href":"https:\/\/vaterpolosrbija.rs\/index.php?rest_route=\/wp\/v2\/posts\/67740\/revisions"}],"wp:featuredmedia":[{"embeddable":true,"href":"https:\/\/vaterpolosrbija.rs\/index.php?rest_route=\/wp\/v2\/media\/67741"}],"wp:attachment":[{"href":"https:\/\/vaterpolosrbija.rs\/index.php?rest_route=%2Fwp%2Fv2%2Fmedia&parent=67740"}],"wp:term":[{"taxonomy":"category","embeddable":true,"href":"https:\/\/vaterpolosrbija.rs\/index.php?rest_route=%2Fwp%2Fv2%2Fcategories&post=67740"},{"taxonomy":"post_tag","embeddable":true,"href":"https:\/\/vaterpolosrbija.rs\/index.php?rest_route=%2Fwp%2Fv2%2Ftags&post=67740"}],"curies":[{"name":"wp","href":"https:\/\/api.w.org\/{rel}","templated":true}]}}