{"id":67719,"date":"2026-02-11T13:17:19","date_gmt":"2026-02-11T11:17:19","guid":{"rendered":"https:\/\/kvalitetvremena.com\/?p=67719"},"modified":"2026-02-11T13:17:19","modified_gmt":"2026-02-11T11:17:19","slug":"kako-je-napustena-kuca-postala-mjesto-oslobodenja-prica-o-zeni-koja-je-vratila-svoj-zivot","status":"publish","type":"post","link":"https:\/\/vaterpolosrbija.rs\/?p=67719","title":{"rendered":"Kako je napu\u0161tena ku\u0107a postala mjesto oslobo\u0111enja: Pri\u010da o \u017eeni koja je vratila svoj \u017eivot"},"content":{"rendered":"\n<p>U \u017eivotu ponekad dolazi trenutak kada shvatimo da smo previ\u0161e dugo \u017eivjeli za druge, a vlastiti glas smo potiskivali. Pri\u010da jedne \u017eene iz Srbije jasno pokazuje koliko je va\u017eno prepoznati svoju snagu i vratiti kontrolu nad \u017eivotom, \u010dak i kada nas okolnosti iznenade na najte\u017ei mogu\u0107i na\u010din.<\/p>\n\n\n\n<h3 class=\"wp-block-heading\">\u017divot u sjeni drugih<\/h3>\n\n\n\n<p>Do svoje \u0161ezdeset tre\u0107e godine, ova \u017eena \u017eivjela je skromno i povu\u010deno, potpuno posve\u0107ena svom sinu i njegovoj porodici. Stan u kojem je nekada osje\u0107ala slobodu i sigurnost postao je mjesto u kojem je postojala samo zbog tu\u0111e potrebe. Iako je sve \u0161to je \u010dinila bilo iz ljubavi, prestala je prepoznavati vlastite \u017eelje i granice.<\/p>\n\n\n\n<p>Sve se promijenilo na njen ro\u0111endan. Umjesto pa\u017enje ili toplog znaka ljubavi, sin i snaha odlu\u010dili su joj prirediti \u201epoklon\u201c \u2013 vo\u017enju do napu\u0161tenog sela i ru\u0161evine koju je trebalo da naseli. Taj trenutak, iako bolan, probudio je u njoj ne\u0161to \u0161to je dugo spavalo \u2013 unutarnju ti\u0161inu i odluku da vi\u0161e ne\u0107e biti \u017ertva.<\/p>\n\n\n\n<h3 class=\"wp-block-heading\">Ti\u0161ina kao po\u010detak oslobo\u0111enja<\/h3>\n\n\n\n<p>U napu\u0161tenoj ku\u0107i, okru\u017eena ti\u0161inom, shvatila je da njen \u017eivot nije gotov, ve\u0107 tek po\u010dinje. Prisjetila se da stan u gradu pripada njoj, a tu je bila i mala u\u0161te\u0111evina koju niko nije znao. To je bio njen prvi korak prema oslobo\u0111enju \u2013 povratak kontrole nad vlastitom imovinom i \u017eivotom.<\/p>\n\n\n\n<p>Uz pomo\u0107 telefona stupila je u kontakt s bankom i advokatom, zaustavila daljnji pristup svom novcu i pokrenula pravnu za\u0161titu. Vi\u0161e nije bila nemo\u0107na \u2013 postala je osoba koja odlu\u010duje i djeluje.<\/p>\n\n\n\n<h3 class=\"wp-block-heading\">Povratak snage kroz svakodnevicu<\/h3>\n\n\n\n<p>Dani provedeni u ru\u0161evini nisu bili jednostavni. Svaki fizi\u010dki rad i svaki pokret postali su mali \u010din povratka sebi. Kada je sin nazvao zabrinut zbog svojih planova s karticama, mirno mu je rekla \u201ene\u201c, bez gri\u017ee savjesti. Shvatila je da je njeno osloba\u0111anje neminovno i da vi\u0161e ne\u0107e biti sredstvo za tu\u0111e ciljeve.<\/p>\n\n\n\n<p>Nakon \u0161to je otkrila da je sin zalo\u017eio stan za kredit dok je bila bolesna, razumjela je da je njeno izgnanstvo bilo dio plana da je se ukloni iz vlastitog \u017eivota. Umjesto da se preda, odlu\u010dila je pokrenuti pravnu borbu \u2013 borbu za dostojanstvo, neovisnost i pravo da bude \u010dovjek.<\/p>\n\n\n\n<h3 class=\"wp-block-heading\">Novi \u017eivot nakon bola<\/h3>\n\n\n\n<p>Napu\u0161tena ku\u0107a postala je simbol preobra\u017eaja. Daleko od onih koji su je iskoristili, prvi put nakon mnogo godina \u017eivjela je za sebe \u2013 ne kao majka, ne kao teret, ve\u0107 kao \u017eena koja je shvatila da \u017eivot ne prestaje kada te drugi otpi\u0161u, ve\u0107 kada ti sam od sebe odustane\u0161.<\/p>\n\n\n\n<p>Ova pri\u010da podsje\u0107a da nikada nije kasno vratiti kontrolu nad svojim \u017eivotom i osloboditi snagu koja \u010deka da bude oslobo\u0111ena. Svaka odluka koja postavlja granice i \u0161titi vlastito dostojanstvo vodi prema istinskoj slobodi i miru.<\/p>\n","protected":false},"excerpt":{"rendered":"<p>U \u017eivotu ponekad dolazi trenutak kada shvatimo da smo previ\u0161e dugo \u017eivjeli za druge, a vlastiti glas smo potiskivali. Pri\u010da jedne \u017eene iz Srbije jasno pokazuje koliko je va\u017eno prepoznati svoju snagu i vratiti kontrolu nad \u017eivotom, \u010dak i kada nas okolnosti iznenade na najte\u017ei mogu\u0107i na\u010din. \u017divot u sjeni drugih Do svoje \u0161ezdeset tre\u0107e [&hellip;]<\/p>\n","protected":false},"author":1,"featured_media":67720,"comment_status":"closed","ping_status":"closed","sticky":false,"template":"","format":"standard","meta":{"footnotes":""},"categories":[10],"tags":[],"class_list":["post-67719","post","type-post","status-publish","format-standard","has-post-thumbnail","hentry","category-zanimljivosti"],"_links":{"self":[{"href":"https:\/\/vaterpolosrbija.rs\/index.php?rest_route=\/wp\/v2\/posts\/67719","targetHints":{"allow":["GET"]}}],"collection":[{"href":"https:\/\/vaterpolosrbija.rs\/index.php?rest_route=\/wp\/v2\/posts"}],"about":[{"href":"https:\/\/vaterpolosrbija.rs\/index.php?rest_route=\/wp\/v2\/types\/post"}],"author":[{"embeddable":true,"href":"https:\/\/vaterpolosrbija.rs\/index.php?rest_route=\/wp\/v2\/users\/1"}],"replies":[{"embeddable":true,"href":"https:\/\/vaterpolosrbija.rs\/index.php?rest_route=%2Fwp%2Fv2%2Fcomments&post=67719"}],"version-history":[{"count":0,"href":"https:\/\/vaterpolosrbija.rs\/index.php?rest_route=\/wp\/v2\/posts\/67719\/revisions"}],"wp:featuredmedia":[{"embeddable":true,"href":"https:\/\/vaterpolosrbija.rs\/index.php?rest_route=\/wp\/v2\/media\/67720"}],"wp:attachment":[{"href":"https:\/\/vaterpolosrbija.rs\/index.php?rest_route=%2Fwp%2Fv2%2Fmedia&parent=67719"}],"wp:term":[{"taxonomy":"category","embeddable":true,"href":"https:\/\/vaterpolosrbija.rs\/index.php?rest_route=%2Fwp%2Fv2%2Fcategories&post=67719"},{"taxonomy":"post_tag","embeddable":true,"href":"https:\/\/vaterpolosrbija.rs\/index.php?rest_route=%2Fwp%2Fv2%2Ftags&post=67719"}],"curies":[{"name":"wp","href":"https:\/\/api.w.org\/{rel}","templated":true}]}}