{"id":67716,"date":"2026-02-11T13:11:57","date_gmt":"2026-02-11T11:11:57","guid":{"rendered":"https:\/\/kvalitetvremena.com\/?p=67716"},"modified":"2026-02-11T13:11:57","modified_gmt":"2026-02-11T11:11:57","slug":"nove-cijene-cigareta-u-bih-poskupljenja-od-februara-i-marta","status":"publish","type":"post","link":"https:\/\/vaterpolosrbija.rs\/?p=67716","title":{"rendered":"Nove cijene cigareta u BiH: Poskupljenja od februara i marta"},"content":{"rendered":"\n<p>Uprava za indirektno oporezivanje Bosne i Hercegovine obavijestila je javnost da su tri distributera dostavila odluke o korekciji maloprodajnih cijena cigareta. Poskupljenja \u0107e se primjenjivati sukcesivno tokom februara i marta, u zavisnosti od proizvo\u0111a\u010da i brenda.<\/p>\n\n\n\n<p>Prema dostupnim informacijama, promjene cijena stupaju na snagu prema sljede\u0107em rasporedu:<\/p>\n\n\n\n<ul class=\"wp-block-list\">\n<li>Od 13. februara nove cijene primjenjuje kompanija TDR<\/li>\n\n\n\n<li>Od 19. februara na snagu stupaju nove cijene proizvoda kompanije Philip Morris<\/li>\n\n\n\n<li>Od 9. marta korekcije cijena primjenjuje kompanija Nelt<\/li>\n<\/ul>\n\n\n\n<p>Razlozi za promjene cijena<\/p>\n\n\n\n<p>Korekcije maloprodajnih cijena cigareta u BiH naj\u010de\u0161\u0107e su povezane sa izmjenama tro\u0161arina, rastom operativnih tro\u0161kova, transporta i sirovina, kao i uskla\u0111ivanjem sa poreskom politikom. Cijene duhanskih proizvoda u Bosni i Hercegovini formiraju se na osnovu zakonski propisanih akciza i PDV-a, \u0161to zna\u010di da porezi \u010dine zna\u010dajan dio kona\u010dne cijene koju pla\u0107a potro\u0161a\u010d.<\/p>\n\n\n\n<p>Uticaj na potro\u0161a\u010de<\/p>\n\n\n\n<p>Svako pove\u0107anje cijena direktno uti\u010de na bud\u017eet potro\u0161a\u010da. Stru\u010dnjaci isti\u010du da rast cijena duhanskih proizvoda \u010desto ima dvostruki efekat: s jedne strane pove\u0107ava bud\u017eetske prihode kroz tro\u0161arine, a s druge strane mo\u017ee podsta\u0107i dio gra\u0111ana da smanji potro\u0161nju ili razmisli o prestanku pu\u0161enja.<\/p>\n\n\n\n<p>U javnozdravstvenom kontekstu, pove\u0107anje cijena cigareta smatra se jednom od mjera koje dugoro\u010dno mogu doprinijeti smanjenju broja pu\u0161a\u010da, posebno me\u0111u mladima.<\/p>\n\n\n\n<p>\u0160ta potro\u0161a\u010di treba da znaju<\/p>\n\n\n\n<p>Maloprodajne cijene koje su dostavljene Upravi za indirektno oporezivanje obavezuju\u0107e su za sve prodavce od datuma stupanja na snagu. Trgovci su du\u017eni da usklade cjenovnike u skladu sa prijavljenim iznosima.<\/p>\n\n\n\n<p>Gra\u0111anima se savjetuje da prate zvani\u010dne objave i provjere cijene na prodajnim mjestima, kako bi imali ta\u010dnu informaciju o promjenama koje stupaju na snagu u narednim sedmicama.<\/p>\n\n\n\n<p>Zaklju\u010dak<\/p>\n\n\n\n<p>Poskupljenje cigareta u Bosni i Hercegovini dolazi u nekoliko faza tokom februara i marta. Iako su promjene cijena redovna pojava na tr\u017ei\u0161tu duhanskih proizvoda, njihov uticaj na ku\u0107ni bud\u017eet i javno zdravlje ostaje tema od \u0161ireg dru\u0161tvenog zna\u010daja.<\/p>\n","protected":false},"excerpt":{"rendered":"<p>Uprava za indirektno oporezivanje Bosne i Hercegovine obavijestila je javnost da su tri distributera dostavila odluke o korekciji maloprodajnih cijena cigareta. Poskupljenja \u0107e se primjenjivati sukcesivno tokom februara i marta, u zavisnosti od proizvo\u0111a\u010da i brenda. Prema dostupnim informacijama, promjene cijena stupaju na snagu prema sljede\u0107em rasporedu: Razlozi za promjene cijena Korekcije maloprodajnih cijena cigareta [&hellip;]<\/p>\n","protected":false},"author":1,"featured_media":67717,"comment_status":"closed","ping_status":"closed","sticky":false,"template":"","format":"standard","meta":{"footnotes":""},"categories":[10],"tags":[],"class_list":["post-67716","post","type-post","status-publish","format-standard","has-post-thumbnail","hentry","category-zanimljivosti"],"_links":{"self":[{"href":"https:\/\/vaterpolosrbija.rs\/index.php?rest_route=\/wp\/v2\/posts\/67716","targetHints":{"allow":["GET"]}}],"collection":[{"href":"https:\/\/vaterpolosrbija.rs\/index.php?rest_route=\/wp\/v2\/posts"}],"about":[{"href":"https:\/\/vaterpolosrbija.rs\/index.php?rest_route=\/wp\/v2\/types\/post"}],"author":[{"embeddable":true,"href":"https:\/\/vaterpolosrbija.rs\/index.php?rest_route=\/wp\/v2\/users\/1"}],"replies":[{"embeddable":true,"href":"https:\/\/vaterpolosrbija.rs\/index.php?rest_route=%2Fwp%2Fv2%2Fcomments&post=67716"}],"version-history":[{"count":0,"href":"https:\/\/vaterpolosrbija.rs\/index.php?rest_route=\/wp\/v2\/posts\/67716\/revisions"}],"wp:featuredmedia":[{"embeddable":true,"href":"https:\/\/vaterpolosrbija.rs\/index.php?rest_route=\/wp\/v2\/media\/67717"}],"wp:attachment":[{"href":"https:\/\/vaterpolosrbija.rs\/index.php?rest_route=%2Fwp%2Fv2%2Fmedia&parent=67716"}],"wp:term":[{"taxonomy":"category","embeddable":true,"href":"https:\/\/vaterpolosrbija.rs\/index.php?rest_route=%2Fwp%2Fv2%2Fcategories&post=67716"},{"taxonomy":"post_tag","embeddable":true,"href":"https:\/\/vaterpolosrbija.rs\/index.php?rest_route=%2Fwp%2Fv2%2Ftags&post=67716"}],"curies":[{"name":"wp","href":"https:\/\/api.w.org\/{rel}","templated":true}]}}