{"id":67710,"date":"2026-02-11T12:58:46","date_gmt":"2026-02-11T10:58:46","guid":{"rendered":"https:\/\/kvalitetvremena.com\/?p=67710"},"modified":"2026-02-11T12:58:46","modified_gmt":"2026-02-11T10:58:46","slug":"kako-ratni-uslovi-uticu-na-pse-sta-su-naucnici-otkrili-u-ukrajini","status":"publish","type":"post","link":"https:\/\/vaterpolosrbija.rs\/?p=67710","title":{"rendered":"Kako ratni uslovi uti\u010du na pse: \u0160ta su nau\u010dnici otkrili u Ukrajini"},"content":{"rendered":"\n<p>Rat ne mijenja samo \u017eivote ljudi, ve\u0107 ostavlja duboke posljedice i na \u017eivotinje. Novo istra\u017eivanje provedeno u Ukrajini pokazalo je da su se psi u ratnim zonama u relativno kratkom periodu po\u010deli razlikovati od tipi\u010dnih ku\u0107nih ljubimaca, kako po fizi\u010dkim osobinama, tako i po pona\u0161anju.<\/p>\n\n\n\n<p>Ova saznanja otvaraju va\u017ena pitanja o prilagodljivosti \u017eivotinja u ekstremnim uslovima i o tome kako okru\u017eenje mo\u017ee uticati na njihove karakteristike.<\/p>\n\n\n\n<h2 class=\"wp-block-heading\">Istra\u017eivanje provedeno u ratnim podru\u010djima<\/h2>\n\n\n\n<p>Prema podacima objavljenim u stru\u010dnom \u010dasopisu Evolutionary Applications, tim nau\u010dnika analizirao je 763 psa u devet regija Ukrajine. Istra\u017eivanje je obuhvatilo pse iz skloni\u0161ta, pse lutalice iz relativno sigurnih podru\u010dja, ali i one koji su boravili u zonama aktivnih sukoba.<\/p>\n\n\n\n<p>Prikupljanje podataka u blizini linija fronta bilo je posebno izazovno. U tom dijelu istra\u017eivanja u\u010destvovali su zoolozi, veterinari i volonteri koji su, uz nau\u010dni rad, pomagali napu\u0161tenim i povrije\u0111enim \u017eivotinjama hranom i osnovnom medicinskom njegom.<\/p>\n\n\n\n<h2 class=\"wp-block-heading\">Promjene u fizi\u010dkim osobinama<\/h2>\n\n\n\n<p>Najve\u0107e iznena\u0111enje za istra\u017eiva\u010de bila je brzina promjena koje su uo\u010dene kod pasa u ratnim zonama. U pore\u0111enju s psima iz mirnijih krajeva, psi u podru\u010djima sukoba \u010de\u0161\u0107e su imali osobine koje se povezuju s divljim vrstama pasa.<\/p>\n\n\n\n<p>Uo\u010dene su sljede\u0107e karakteristike:<\/p>\n\n\n\n<ul class=\"wp-block-list\">\n<li>Manja tjelesna masa<\/li>\n\n\n\n<li>\u0160iljaste, uspravne u\u0161i umjesto spu\u0161tenih<\/li>\n\n\n\n<li>Manje izra\u017eene ekstremne forme nju\u0161ke<\/li>\n\n\n\n<li>Manje bijele boje na krznu<\/li>\n\n\n\n<li>Ve\u0107a sklonost \u017eivotu u grupama<\/li>\n<\/ul>\n\n\n\n<p>Nau\u010dnici nagla\u0161avaju da ove promjene ne predstavljaju klasi\u010dnu genetsku evoluciju u molekularnom smislu, ve\u0107 rezultat selekcije u ekstremnim uslovima. Drugim rije\u010dima, psi s odre\u0111enim osobinama imaju ve\u0107u vjerovatno\u0107u da pre\u017eive u ratnom okru\u017eenju.<\/p>\n\n\n\n<h2 class=\"wp-block-heading\">Za\u0161to dolazi do ovih promjena<\/h2>\n\n\n\n<p>Ratni uslovi djeluju kao svojevrsni filter. U sredinama gdje su prisutne eksplozije, buka i opasnost, manji i pokretljiviji psi mogu imati prednost. Manja tjelesna masa mo\u017ee zna\u010diti ve\u0107u agilnost i lak\u0161e skrivanje, dok odre\u0111ene fizi\u010dke karakteristike mogu biti povezane s boljom prilagodljivo\u0161\u0107u na \u017eivot bez stalne ljudske brige.<\/p>\n\n\n\n<p>Istra\u017eiva\u010di su primijetili i da je u zonama sukoba bilo manje starih i bolesnih pasa, \u0161to ukazuje na to da su samo najotpornije jedinke uspjele opstati u takvim uslovima.<\/p>\n\n\n\n<h2 class=\"wp-block-heading\">Promjene u pona\u0161anju<\/h2>\n\n\n\n<p>Osim fizi\u010dkih razlika, zabilje\u017eene su i promjene u pona\u0161anju. Neki psi su i dalje ostali u blizini ljudi, posebno vojnika koji su ih hranili i pru\u017eali im za\u0161titu. Me\u0111utim, dio populacije po\u010deo je pokazivati ve\u0107u samostalnost.<\/p>\n\n\n\n<p>Pojedini psi u ratnim zonama vi\u0161e nisu bili u potpunosti ovisni o ljudima za hranu, ve\u0107 su se oslanjali na prirodne izvore, uklju\u010duju\u0107i biljni materijal i povremeni lov. Nau\u010dnici ovaj fenomen opisuju kao djelimi\u010dan povratak na\u010dinu \u017eivota koji je manje vezan uz \u010dovjeka.<\/p>\n\n\n\n<h2 class=\"wp-block-heading\">\u0160ta ovo zna\u010di za budu\u0107nost<\/h2>\n\n\n\n<p>Istra\u017eivanje pokazuje koliko su \u017eivotinje prilagodljive i kako ekstremne okolnosti mogu ubrzati promjene u populaciji. Iako psi ostaju doma\u0107e \u017eivotinje koje su kroz historiju blisko povezane s ljudima, ratna stvarnost mo\u017ee privremeno promijeniti njihovu strukturu i pona\u0161anje.<\/p>\n\n\n\n<p>Stru\u010dnjaci isti\u010du da \u0107e dugoro\u010dne posljedice zavisiti od trajanja sukoba, obnove zajednica i ponovne integracije pasa u stabilnije okru\u017eenje.<\/p>\n\n\n\n<h2 class=\"wp-block-heading\">Zaklju\u010dak<\/h2>\n\n\n\n<p>Studija iz Ukrajine pru\u017ea sna\u017ean uvid u to kako krizne situacije uti\u010du na \u017eivotinjske populacije. Psi u ratnim zonama pokazali su izuzetnu sposobnost prilagodbe, ali ta prilagodba dolazi kao odgovor na te\u0161ke i opasne uslove.<\/p>\n\n\n\n<p>Ova saznanja podsje\u0107aju na va\u017enost brige o \u017eivotinjama tokom humanitarnih kriza i na potrebu sistemske podr\u0161ke skloni\u0161tima, veterinarima i volonterima koji rade u izuzetno zahtjevnim okolnostima.<\/p>\n","protected":false},"excerpt":{"rendered":"<p>Rat ne mijenja samo \u017eivote ljudi, ve\u0107 ostavlja duboke posljedice i na \u017eivotinje. Novo istra\u017eivanje provedeno u Ukrajini pokazalo je da su se psi u ratnim zonama u relativno kratkom periodu po\u010deli razlikovati od tipi\u010dnih ku\u0107nih ljubimaca, kako po fizi\u010dkim osobinama, tako i po pona\u0161anju. Ova saznanja otvaraju va\u017ena pitanja o prilagodljivosti \u017eivotinja u ekstremnim [&hellip;]<\/p>\n","protected":false},"author":1,"featured_media":67711,"comment_status":"closed","ping_status":"closed","sticky":false,"template":"","format":"standard","meta":{"footnotes":""},"categories":[10],"tags":[],"class_list":["post-67710","post","type-post","status-publish","format-standard","has-post-thumbnail","hentry","category-zanimljivosti"],"_links":{"self":[{"href":"https:\/\/vaterpolosrbija.rs\/index.php?rest_route=\/wp\/v2\/posts\/67710","targetHints":{"allow":["GET"]}}],"collection":[{"href":"https:\/\/vaterpolosrbija.rs\/index.php?rest_route=\/wp\/v2\/posts"}],"about":[{"href":"https:\/\/vaterpolosrbija.rs\/index.php?rest_route=\/wp\/v2\/types\/post"}],"author":[{"embeddable":true,"href":"https:\/\/vaterpolosrbija.rs\/index.php?rest_route=\/wp\/v2\/users\/1"}],"replies":[{"embeddable":true,"href":"https:\/\/vaterpolosrbija.rs\/index.php?rest_route=%2Fwp%2Fv2%2Fcomments&post=67710"}],"version-history":[{"count":0,"href":"https:\/\/vaterpolosrbija.rs\/index.php?rest_route=\/wp\/v2\/posts\/67710\/revisions"}],"wp:featuredmedia":[{"embeddable":true,"href":"https:\/\/vaterpolosrbija.rs\/index.php?rest_route=\/wp\/v2\/media\/67711"}],"wp:attachment":[{"href":"https:\/\/vaterpolosrbija.rs\/index.php?rest_route=%2Fwp%2Fv2%2Fmedia&parent=67710"}],"wp:term":[{"taxonomy":"category","embeddable":true,"href":"https:\/\/vaterpolosrbija.rs\/index.php?rest_route=%2Fwp%2Fv2%2Fcategories&post=67710"},{"taxonomy":"post_tag","embeddable":true,"href":"https:\/\/vaterpolosrbija.rs\/index.php?rest_route=%2Fwp%2Fv2%2Ftags&post=67710"}],"curies":[{"name":"wp","href":"https:\/\/api.w.org\/{rel}","templated":true}]}}