{"id":67704,"date":"2026-02-11T00:14:48","date_gmt":"2026-02-10T22:14:48","guid":{"rendered":"https:\/\/kvalitetvremena.com\/?p=67704"},"modified":"2026-02-11T00:14:48","modified_gmt":"2026-02-10T22:14:48","slug":"nocni-poziv-koji-je-promijenio-sve-i-snaga-roditeljske-vjere","status":"publish","type":"post","link":"https:\/\/vaterpolosrbija.rs\/?p=67704","title":{"rendered":"No\u0107ni poziv koji je promijenio sve i snaga roditeljske vjere"},"content":{"rendered":"\n<p>Postoje trenuci koji razdvoje \u017eivot na prije i poslije. Jedan telefonski poziv, nekoliko rije\u010di izgovorenih drhtavim glasom i osje\u0107aj da se tlo pod nogama pomjera. Ova pri\u010da govori upravo o takvom trenutku, o roditeljskom strahu koji se sudara s istinom koju niko ne \u017eeli \u010duti, ali koju je nemogu\u0107e ignorisati.<\/p>\n\n\n\n<p>Te no\u0107i, otac je podigao telefon ne slute\u0107i da \u0107e mu se svijet promijeniti u nekoliko sekundi. Glas njegove k\u0107eri bio je tih, isprekidan jecajima, jedva razumljiv. Rekla je da je u bolnici. Zatim je, gotovo \u0161apatom, izgovorila rije\u010di koje su ga zaledile. Rekla je da ju je ujak gurnuo s mola i da sada svi tvrde kako je sama pala.<\/p>\n\n\n\n<p>U tom trenutku nije osjetio samo paniku. Bio je to sna\u017ean, gotovo instinktivan osje\u0107aj da se ne radi o nesre\u0107i. Dok je slu\u0161ao zvuk aparata u pozadini i njen lomljiv glas, znao je da mu govori istinu. Nije dramatizovala, nije tra\u017eila pa\u017enju. Govorila je tiho, kao da se boji da \u0107e je neko \u010duti.<\/p>\n\n\n\n<p>Opisala je hladnu vodu, mrak ispod povr\u0161ine i trenutak kada je izgubila orijentaciju. Ispri\u010dala je kako je mislila da se ne\u0107e izvu\u0107i. Taj strah nije mogao biti izmi\u0161ljen. Bio je previ\u0161e stvaran. Otac joj je rekao da joj vjeruje. Bez pitanja, bez sumnje. To nije bila re\u010denica utjehe, ve\u0107 obe\u0107anje.<\/p>\n\n\n\n<p>Dok je obla\u010dio jaknu i uzimao klju\u010deve, osjetio je smirenost koja dolazi samo kada je odluka donesena. Put do bolnice bio je dug, ali misli su bile jo\u0161 te\u017ee. Prisje\u0107ao se kako je pristao da k\u0107erka provede vikend kod rodbine, iako je u sebi imao nelagodan osje\u0107aj. Uvjeravali su ga da pretjeruje, da je previ\u0161e za\u0161titni\u010dki nastrojen. Sada je shvatao da taj unutra\u0161nji glas nije bio bez razloga.<\/p>\n\n\n\n<p>K\u0107erka mu je kroz suze rekla da joj ne vjeruju. Da se ujak pona\u0161a kao da se ni\u0161ta nije desilo, da se smije\u0161i i umiruje sve oko sebe. Taj detalj bio je presudan. To vi\u0161e nije djelovalo kao nesporazum, ve\u0107 kao poku\u0161aj da se istina uti\u0161a. Otac ju je zamolio da ostane uz medicinsko osoblje i obe\u0107ao da dolazi i da ne\u0107e dozvoliti da se njene rije\u010di ignori\u0161u.<\/p>\n\n\n\n<p>Prije polaska, obavio je nekoliko poziva ljudima od povjerenja. Tra\u017eio je savjet i informacije. Ono \u0161to je saznao dodatno je poja\u010dalo njegovu zabrinutost. Postojale su ranije prijave i sumnje koje nikada nisu do kraja istra\u017eene. Iako ni\u0161ta jo\u0161 nije bilo dokazano, obrazac je bio zabrinjavaju\u0107i.<\/p>\n\n\n\n<p>Kada je stigao u bolnicu, prizor ga je duboko pogodio. Njegova k\u0107erka bila je umotana u deku, blijeda i iscrpljena, s pogledom koji je govorio vi\u0161e od rije\u010di. Taj pogled bio je dovoljan. Znao je da nema nazad. Predstavio se mirno, ali odlu\u010dno, i zamolio da se k\u0107erkina izjava saslu\u0161a pa\u017eljivo.<\/p>\n\n\n\n<p>Kleknuo je pored nje i rekao joj da ispri\u010da sve, od po\u010detka. Govorila je sporo, bore\u0107i se sa strahom, ali svaka re\u010denica bila je korak ka istini. Medicinsko osoblje je po\u010delo bilje\u017eiti detalje, postavljati dodatna pitanja i obra\u0107ati pa\u017enju na nelogi\u010dnosti. Ono \u0161to je isprva izgledalo kao nesretan slu\u010daj, dobilo je druga\u010diji kontekst.<\/p>\n\n\n\n<p>Kako je no\u0107 odmicala, postajalo je jasno da se ova pri\u010da ne\u0107e zavr\u0161iti ti\u0161inom. Pokrenute su dodatne provjere i razgovori. Za oca i k\u0107erku, to nije bio kraj, ve\u0107 po\u010detak dugog procesa koji zahtijeva snagu, strpljenje i vjeru u istinu.<\/p>\n\n\n\n<p>Ova pri\u010da podsje\u0107a koliko je va\u017eno slu\u0161ati djecu i vjerovati im, \u010dak i kada je istina te\u0161ka. Roditeljski instinkt nije slabost, ve\u0107 za\u0161titni mehanizam. Ponekad je najve\u0107a hrabrost stati uz dijete i re\u0107i vjerujem ti, bez obzira na to koliko je istina neugodna. Jer samo izgovorena istina mo\u017ee zapo\u010deti put ka ozdravljenju i pravdi.<\/p>\n","protected":false},"excerpt":{"rendered":"<p>Postoje trenuci koji razdvoje \u017eivot na prije i poslije. Jedan telefonski poziv, nekoliko rije\u010di izgovorenih drhtavim glasom i osje\u0107aj da se tlo pod nogama pomjera. Ova pri\u010da govori upravo o takvom trenutku, o roditeljskom strahu koji se sudara s istinom koju niko ne \u017eeli \u010duti, ali koju je nemogu\u0107e ignorisati. Te no\u0107i, otac je podigao [&hellip;]<\/p>\n","protected":false},"author":1,"featured_media":67705,"comment_status":"closed","ping_status":"closed","sticky":false,"template":"","format":"standard","meta":{"footnotes":""},"categories":[10],"tags":[],"class_list":["post-67704","post","type-post","status-publish","format-standard","has-post-thumbnail","hentry","category-zanimljivosti"],"_links":{"self":[{"href":"https:\/\/vaterpolosrbija.rs\/index.php?rest_route=\/wp\/v2\/posts\/67704","targetHints":{"allow":["GET"]}}],"collection":[{"href":"https:\/\/vaterpolosrbija.rs\/index.php?rest_route=\/wp\/v2\/posts"}],"about":[{"href":"https:\/\/vaterpolosrbija.rs\/index.php?rest_route=\/wp\/v2\/types\/post"}],"author":[{"embeddable":true,"href":"https:\/\/vaterpolosrbija.rs\/index.php?rest_route=\/wp\/v2\/users\/1"}],"replies":[{"embeddable":true,"href":"https:\/\/vaterpolosrbija.rs\/index.php?rest_route=%2Fwp%2Fv2%2Fcomments&post=67704"}],"version-history":[{"count":0,"href":"https:\/\/vaterpolosrbija.rs\/index.php?rest_route=\/wp\/v2\/posts\/67704\/revisions"}],"wp:featuredmedia":[{"embeddable":true,"href":"https:\/\/vaterpolosrbija.rs\/index.php?rest_route=\/wp\/v2\/media\/67705"}],"wp:attachment":[{"href":"https:\/\/vaterpolosrbija.rs\/index.php?rest_route=%2Fwp%2Fv2%2Fmedia&parent=67704"}],"wp:term":[{"taxonomy":"category","embeddable":true,"href":"https:\/\/vaterpolosrbija.rs\/index.php?rest_route=%2Fwp%2Fv2%2Fcategories&post=67704"},{"taxonomy":"post_tag","embeddable":true,"href":"https:\/\/vaterpolosrbija.rs\/index.php?rest_route=%2Fwp%2Fv2%2Ftags&post=67704"}],"curies":[{"name":"wp","href":"https:\/\/api.w.org\/{rel}","templated":true}]}}