{"id":67694,"date":"2026-02-10T23:24:56","date_gmt":"2026-02-10T21:24:56","guid":{"rendered":"https:\/\/kvalitetvremena.com\/?p=67694"},"modified":"2026-02-10T23:24:56","modified_gmt":"2026-02-10T21:24:56","slug":"kada-je-tisina-postala-moc-elara-koja-je-preuzela-presto","status":"publish","type":"post","link":"https:\/\/vaterpolosrbija.rs\/?p=67694","title":{"rendered":"Kada je ti\u0161ina postala mo\u0107: Elara koja je preuzela presto"},"content":{"rendered":"\n<p>D\u017eulijan Torn je zurio u digitalni spisak gostiju za najva\u017eniju no\u0107 svog \u017eivota i doneo odluku koja je delovala bezazleno.<\/p>\n\n\n\n<p>Jedan dodir.<br>Jedno brisanje.<\/p>\n\n\n\n<p>Obrisao je ime svoje supruge: <strong>Elara Torn<\/strong>.<\/p>\n\n\n\n<p>Za D\u017eulijana to nije bila okrutnost \u2014 bila je to strategija. Elara je bila previ\u0161e tiha, previ\u0161e nenametljiva, previ\u0161e \u201eba\u0161tica iz Konektikata\u201c da bi stajala pored njega na presti\u017enoj Vanguard gala ve\u010deri.<\/p>\n\n\n\n<p>Govorio je sebi da \u0161titi imid\u017e. Nije znao da upravo pali fitilj koji \u0107e mu razoriti ceo svet.<\/p>\n\n\n\n<p>Jer \u017eena kod ku\u0107e u trenerci nije bila samo doma\u0107ica. Gala ve\u010de nije bilo organizovano za njega. Bilo je pa\u017eljivo, tiho i potpuno isplanirano od strane nje.<\/p>\n\n\n\n<p>Kada su se vrata kona\u010dno otvorila, D\u017eulijan nije samo izgubio reflektore.<br>Otkrio je da je sve vreme \u017eiveo pored <strong>kraljice<\/strong>.<\/p>\n\n\n\n<p>Vanguard gala blistala je kao zatvorena galaksija. Orhideje, \u0161ampanjac, orkestar. D\u017eulijan je stigao sa Izabelom, savr\u0161enog dr\u017eanja.<\/p>\n\n\n\n<p>\u201eGde je va\u0161a supruga?\u201c pitali su novinari.<\/p>\n\n\n\n<p>Vrata na vrhu stepeni\u0161ta su se otvorila. U\u0161la je \u017eena u tamnoplavom somotu. Dijamanti su blistali. Kretala se kao da prostor pripada njoj.<\/p>\n\n\n\n<p>\u201eDame i gospodo,\u201c rekao je voditelj, \u201emolim vas da pozdravite osniva\u010da i predsednicu <strong>Aurora Group \u2014 gospo\u0111u Elaru Vejn-Torn<\/strong>.\u201c<\/p>\n\n\n\n<p>D\u017eulijan je ispustio \u010da\u0161u. Izabela je problijedela.<\/p>\n\n\n\n<p>\u201eIzgleda da sam bila obrisana sa spiska gostiju,\u201c rekla je Elara mirno.<br>\u201eZato nisam do\u0161la kao gost. Do\u0161la sam kao razlog za\u0161to se vrata uop\u0161te otvaraju.\u201c<\/p>\n\n\n\n<p>Ve\u010dera se pretvorila u tiho poni\u017eenje. Ljudi su se okretali Elarinom stolu. D\u017eulijan je preme\u0161ten daleko od centra.<\/p>\n\n\n\n<p>Kada je poku\u0161ao da povrati kontrolu, Elara je govorila smireno:<br>\u201eOvo nije osveta. Ovo je realnost. Partnerstvo zahteva po\u0161tovanje. A po\u0161tovanje ne pre\u017eivljava tamo gde postoji poni\u017eenje.\u201c<\/p>\n\n\n\n<p>Okrenula se. \u201eGospodine Vejn, ispratite gospodina Torna.\u201c<\/p>\n\n\n\n<p>Vrata su se zatvorila za njim. U sali je po\u010deo iskren aplauz.<\/p>\n\n\n\n<p>Mesecima kasnije, u restrukturisanoj kompaniji, D\u017eulijan je potpisao poslednji papir drhtavom rukom.<br>\u201eMogu da se promenim,\u201c rekao je.<br>\u201eNisi \u017eeleo partnera,\u201c odgovorila je Elara mirno.<br>\u201e\u017deleo si ukras.\u201c<\/p>\n\n\n\n<p>Kada je oti\u0161ao, nije je pratila.<\/p>\n\n\n\n<p>Zatvaranje ne mora da izgleda kao suze.<br>Ponekad izgleda kao ti\u0161ina \u2014 \u010dista, potpuna i mo\u0107na.<\/p>\n\n\n\n<p><strong>Elara je jednom bila obrisana. Sada pi\u0161e svoja poglavlja.<\/strong><\/p>\n","protected":false},"excerpt":{"rendered":"<p>D\u017eulijan Torn je zurio u digitalni spisak gostiju za najva\u017eniju no\u0107 svog \u017eivota i doneo odluku koja je delovala bezazleno. Jedan dodir.Jedno brisanje. Obrisao je ime svoje supruge: Elara Torn. Za D\u017eulijana to nije bila okrutnost \u2014 bila je to strategija. Elara je bila previ\u0161e tiha, previ\u0161e nenametljiva, previ\u0161e \u201eba\u0161tica iz Konektikata\u201c da bi stajala [&hellip;]<\/p>\n","protected":false},"author":1,"featured_media":67695,"comment_status":"closed","ping_status":"closed","sticky":false,"template":"","format":"standard","meta":{"footnotes":""},"categories":[12],"tags":[],"class_list":["post-67694","post","type-post","status-publish","format-standard","has-post-thumbnail","hentry","category-ispovijest"],"_links":{"self":[{"href":"https:\/\/vaterpolosrbija.rs\/index.php?rest_route=\/wp\/v2\/posts\/67694","targetHints":{"allow":["GET"]}}],"collection":[{"href":"https:\/\/vaterpolosrbija.rs\/index.php?rest_route=\/wp\/v2\/posts"}],"about":[{"href":"https:\/\/vaterpolosrbija.rs\/index.php?rest_route=\/wp\/v2\/types\/post"}],"author":[{"embeddable":true,"href":"https:\/\/vaterpolosrbija.rs\/index.php?rest_route=\/wp\/v2\/users\/1"}],"replies":[{"embeddable":true,"href":"https:\/\/vaterpolosrbija.rs\/index.php?rest_route=%2Fwp%2Fv2%2Fcomments&post=67694"}],"version-history":[{"count":0,"href":"https:\/\/vaterpolosrbija.rs\/index.php?rest_route=\/wp\/v2\/posts\/67694\/revisions"}],"wp:featuredmedia":[{"embeddable":true,"href":"https:\/\/vaterpolosrbija.rs\/index.php?rest_route=\/wp\/v2\/media\/67695"}],"wp:attachment":[{"href":"https:\/\/vaterpolosrbija.rs\/index.php?rest_route=%2Fwp%2Fv2%2Fmedia&parent=67694"}],"wp:term":[{"taxonomy":"category","embeddable":true,"href":"https:\/\/vaterpolosrbija.rs\/index.php?rest_route=%2Fwp%2Fv2%2Fcategories&post=67694"},{"taxonomy":"post_tag","embeddable":true,"href":"https:\/\/vaterpolosrbija.rs\/index.php?rest_route=%2Fwp%2Fv2%2Ftags&post=67694"}],"curies":[{"name":"wp","href":"https:\/\/api.w.org\/{rel}","templated":true}]}}