{"id":67685,"date":"2026-02-10T22:02:22","date_gmt":"2026-02-10T20:02:22","guid":{"rendered":"https:\/\/kvalitetvremena.com\/?p=67685"},"modified":"2026-02-10T22:02:22","modified_gmt":"2026-02-10T20:02:22","slug":"porodila-sam-se-na-ivici-zivota-a-istina-koju-sam-tada-saznala-promenila-je-sve","status":"publish","type":"post","link":"https:\/\/vaterpolosrbija.rs\/?p=67685","title":{"rendered":"Porodila sam se na ivici \u017eivota \u2014 a istina koju sam tada saznala promenila je sve"},"content":{"rendered":"\n<p>Zovem se Luc\u00eda Herrera i na dan kada sam se pora\u0111ala iskreno sam verovala da ne\u0107u pre\u017eiveti.<\/p>\n\n\n\n<p>Porod se iznenada zakomplikovao. Kontrakcije su se smenjivale bez pauze, krvni pritisak mi je opasno opadao, a alarmi su neprestano odjekivali salom. Lekari su dozivali jedni druge preko zvuka aparata. Se\u0107am se jarke beline plafona operacione sale i ruke mog mu\u017ea, Javiera Moralesa, kako ste\u017ee moju \u2014 dok se svet nije ugasio.<\/p>\n\n\n\n<p>Dok sam bila bez svesti, u prostoriji se odigrao razgovor za koji tada nisam znala. Moja svekrva, Carmen Rojas, bila je osoba koja nikada nije skrivala svoja stroga uverenja. Tokom trudno\u0107e \u010desto je ponavljala da su u njihovoj porodici sinovi va\u017eniji. Imala sam osmogodi\u0161njeg sina Matea iz prethodne veze. Moj mu\u017e je govorio da ga voli kao svog, ali njegova majka ga nikada nije u potpunosti prihvatila.<\/p>\n\n\n\n<p>Kasnije sam saznala da je, veruju\u0107i da je niko ne \u010duje, Carmen izgovorila re\u010di koje su me duboko potresle. Moj mu\u017e joj nije protivre\u010dio. Njegov odgovor bio je tih i umoran, kao da se radi o formalnosti, a ne o \u017eivotu deteta.<\/p>\n\n\n\n<p>Ono \u0161to nisu znali jeste da je Mateo bio u prostoriji. Dozvoljeno mu je da me kratko vidi pre operacije i povukao se u stranu, dr\u017ee\u0107i telefon u ruci. Kada je bio uznemiren, snimao je glasovne bele\u0161ke kako bi se smirio. \u010cuv\u0161i razgovor koji mu nije bio u potpunosti jasan, ali mu je zvu\u010dao pogre\u0161no i zastra\u0161uju\u0107e, instinktivno je zapo\u010deo snimanje.<\/p>\n\n\n\n<p>Moja \u0107erka je ro\u0111ena dok sam ja jo\u0161 bila bez svesti. Bila je sitna, iscrpljena, ali \u017eiva. Lekari su reagovali brzo i profesionalno. U sali je zavladala ti\u0161ina ispunjena napeto\u0161\u0107u.<\/p>\n\n\n\n<p>Kada sam se probudila, bila sam slaba i dezorijentisana, ali jedina misao mi je bila da vidim svoju bebu. Mateo je stajao pored vrata, vidno uznemiren, dr\u017ee\u0107i telefon kao da mu daje sigurnost.<\/p>\n\n\n\n<p>\u201eMama\u201c, rekao je tiho, \u201emora\u0161 ne\u0161to da \u010duje\u0161.\u201c<\/p>\n\n\n\n<p>Pustio je snimak. Prepoznala sam glasove. Svaka re\u010denica me je bolela, ali nisam reagovala burno. Osetila sam neobi\u010dnu, hladnu jasno\u0107u.<\/p>\n\n\n\n<p>Privukla sam Matea k sebi i rekla mu da nije pogre\u0161io. Uradio je ono \u0161to je mogao u trenutku kada se upla\u0161io.<\/p>\n\n\n\n<p>Kasnije tog dana doneli su mi moju \u0107erku. Nazvala sam je Sof\u00eda. Kada sam je dr\u017eala u naru\u010dju, znala sam da je moja odgovornost jasna: da je za\u0161titim.<\/p>\n\n\n\n<p>Zatra\u017eila sam razgovor sa lekarom i bolni\u010dkim socijalnim radnikom. Izrazila sam zabrinutost za bezbednost svog deteta i pustila snimak. Reagovali su ozbiljno i profesionalno. Obave\u0161tena sam da bez moje saglasnosti nijedna odluka ne\u0107e biti doneta.<\/p>\n\n\n\n<p>Moj mu\u017e je do\u0161ao kasnije, poku\u0161avaju\u0107i da umanji situaciju i objasni je stresom. Pitala sam ga koje je dokumente potpisao. Nije odgovorio. To \u0107utanje je bilo dovoljno.<\/p>\n\n\n\n<p>Uz pomo\u0107 sestre i pravne podr\u0161ke, zapo\u010dela sam proces razdvajanja i za\u0161tite svoje dece. Bolnica je obezbedila mir i sigurnost u tom osetljivom trenutku.<\/p>\n\n\n\n<p>Proces koji je usledio bio je te\u017eak, ali jasan. Dokazi su pregledani, okolnosti razmotrene, a odluke donete u interesu dece. Dobila sam puno starateljstvo. Kontakti su regulisani uz nadzor i stru\u010dnu procenu.<\/p>\n\n\n\n<p>Danas \u017eivimo mirnije. Sof\u00eda raste zdravo. Mateo se ponovo smeje bez straha. Umorna sam, ali spokojna.<\/p>\n\n\n\n<p>Nau\u010dila sam da porodica ne zna\u010di \u0107utanje po svaku cenu. Porodica zna\u010di za\u0161titu, \u010dak i kada je to najte\u017ee.<\/p>\n\n\n\n<p>Ovu pri\u010du delim ne iz osvete, ve\u0107 kao podse\u0107anje: ponekad hrabrost dolazi u tihom obliku \u2014 \u010dak i kroz mali glas koji odlu\u010di da pritisne \u201esnimaj\u201c.<\/p>\n","protected":false},"excerpt":{"rendered":"<p>Zovem se Luc\u00eda Herrera i na dan kada sam se pora\u0111ala iskreno sam verovala da ne\u0107u pre\u017eiveti. Porod se iznenada zakomplikovao. Kontrakcije su se smenjivale bez pauze, krvni pritisak mi je opasno opadao, a alarmi su neprestano odjekivali salom. Lekari su dozivali jedni druge preko zvuka aparata. Se\u0107am se jarke beline plafona operacione sale i [&hellip;]<\/p>\n","protected":false},"author":1,"featured_media":67686,"comment_status":"closed","ping_status":"closed","sticky":false,"template":"","format":"standard","meta":{"footnotes":""},"categories":[12],"tags":[],"class_list":["post-67685","post","type-post","status-publish","format-standard","has-post-thumbnail","hentry","category-ispovijest"],"_links":{"self":[{"href":"https:\/\/vaterpolosrbija.rs\/index.php?rest_route=\/wp\/v2\/posts\/67685","targetHints":{"allow":["GET"]}}],"collection":[{"href":"https:\/\/vaterpolosrbija.rs\/index.php?rest_route=\/wp\/v2\/posts"}],"about":[{"href":"https:\/\/vaterpolosrbija.rs\/index.php?rest_route=\/wp\/v2\/types\/post"}],"author":[{"embeddable":true,"href":"https:\/\/vaterpolosrbija.rs\/index.php?rest_route=\/wp\/v2\/users\/1"}],"replies":[{"embeddable":true,"href":"https:\/\/vaterpolosrbija.rs\/index.php?rest_route=%2Fwp%2Fv2%2Fcomments&post=67685"}],"version-history":[{"count":0,"href":"https:\/\/vaterpolosrbija.rs\/index.php?rest_route=\/wp\/v2\/posts\/67685\/revisions"}],"wp:featuredmedia":[{"embeddable":true,"href":"https:\/\/vaterpolosrbija.rs\/index.php?rest_route=\/wp\/v2\/media\/67686"}],"wp:attachment":[{"href":"https:\/\/vaterpolosrbija.rs\/index.php?rest_route=%2Fwp%2Fv2%2Fmedia&parent=67685"}],"wp:term":[{"taxonomy":"category","embeddable":true,"href":"https:\/\/vaterpolosrbija.rs\/index.php?rest_route=%2Fwp%2Fv2%2Fcategories&post=67685"},{"taxonomy":"post_tag","embeddable":true,"href":"https:\/\/vaterpolosrbija.rs\/index.php?rest_route=%2Fwp%2Fv2%2Ftags&post=67685"}],"curies":[{"name":"wp","href":"https:\/\/api.w.org\/{rel}","templated":true}]}}