{"id":67672,"date":"2026-02-10T20:16:38","date_gmt":"2026-02-10T18:16:38","guid":{"rendered":"https:\/\/kvalitetvremena.com\/?p=67672"},"modified":"2026-02-10T20:16:38","modified_gmt":"2026-02-10T18:16:38","slug":"macronovo-upozorenje-evropi-zasto-poruka-o-narednih-pet-godina-izaziva-ozbiljnu-zabrinutost","status":"publish","type":"post","link":"https:\/\/vaterpolosrbija.rs\/?p=67672","title":{"rendered":"Macronovo upozorenje Evropi: Za\u0161to poruka o narednih pet godina izaziva ozbiljnu zabrinutost"},"content":{"rendered":"\n<p>Izjava francuskog predsjednika Emmanuela Macrona da Evropa mo\u017ee nestati kao relevantan globalni faktor u narednih pet godina ako ne promijeni svoj pristup, izazvala je sna\u017ene reakcije \u0161irom kontinenta. Iako formulacija zvu\u010di dramati\u010dno, poruka koju je poslao nije senzacionalisti\u010dka, ve\u0107 predstavlja ozbiljno upozorenje o trenutnom polo\u017eaju Evrope u svijetu koji se brzo mijenja.<\/p>\n\n\n\n<h3 class=\"wp-block-heading\">Evropa izme\u0111u posmatranja i djelovanja<\/h3>\n\n\n\n<p>Macron je u intervjuu naglasio da Evropa ne mo\u017ee sebi priu\u0161titi ulogu pasivnog posmatra\u010da globalnih procesa. Prema njegovim rije\u010dima, politika \u010dekanja i prilago\u0111avanja drugima vodi ka gubitku uticaja, ekonomske snage i politi\u010dke relevantnosti. Ako se Evropa zadovolji time da bude neutralna i neupadljiva, rizikuje da postane zavisna od odluka koje se donose van njenog prostora.<\/p>\n\n\n\n<p>Njegova poruka nije usmjerena protiv saradnje sa Sjedinjenim Ameri\u010dkim Dr\u017eavama ili Kinom, ve\u0107 protiv nedostatka evropske inicijative i jedinstva. Macron smatra da kontinent sa vi\u0161e od 450 miliona stanovnika mora imati sposobnost da samostalno defini\u0161e svoje interese i \u0161titi ih.<\/p>\n\n\n\n<h3 class=\"wp-block-heading\">Lekcije iz pro\u0161lih kriza<\/h3>\n\n\n\n<p>Kao primjer evropske sporosti i nejedinstva, Macron je naveo finansijsku krizu, tokom koje je Evropa reagovala neuskla\u0111eno i sa velikim zaka\u0161njenjem. Iako je kriza nastala van Evrope, njene posljedice su bile znatno te\u017ee upravo zbog unutra\u0161njih podjela i nedostatka brzog zajedni\u010dkog odgovora.<\/p>\n\n\n\n<p>S druge strane, kao pozitivan primjer naveo je odgovor na pandemiju, kada su evropske dr\u017eave prvi put uvele zajedni\u010dki finansijski fond. Taj potez pokazao je da koordinacija i solidarnost mogu donijeti stabilnost \u010dak i u ekstremnim okolnostima.<\/p>\n\n\n\n<h3 class=\"wp-block-heading\">Geopoliti\u010dki pritisci i nova realnost<\/h3>\n\n\n\n<p>Macron je ukazao i na slo\u017eenu me\u0111unarodnu situaciju u kojoj se Evropa danas nalazi. S jedne strane, tu su ekonomski pritisci i konkurencija iz Kine, dok s druge strane raste nepredvidivost u odnosima sa Sjedinjenim Ameri\u010dkim Dr\u017eavama. U takvom okru\u017eenju, oslanjanje isklju\u010divo na spoljne saveznike postaje rizi\u010dno.<\/p>\n\n\n\n<p>Posebno je naglasio da Evropa mora razviti vlastitu strate\u0161ku autonomiju, kako u ekonomiji, tako i u bezbjednosti i diplomatiji. To ne zna\u010di izolaciju, ve\u0107 sposobnost da se donose odluke koje nisu isklju\u010divo reakcija na poteze drugih sila.<\/p>\n\n\n\n<h3 class=\"wp-block-heading\">Ukrajina, Rusija i evropska odgovornost<\/h3>\n\n\n\n<p>Govore\u0107i o ratu u Ukrajini, Macron je istakao da se sukob pribli\u017eava fazi u kojoj \u0107e razgovori o miru postati neizbje\u017eni. U tom kontekstu, Evropa ne bi smjela prepustiti drugima da odlu\u010duju u njeno ime. Prema njegovom stavu, dijalog sa Rusijom mora biti dio evropske strategije, ali uz jasne granice i bez naivnosti.<\/p>\n\n\n\n<p>Mir u Ukrajini, kako navodi, ne bi bio samo regionalno pitanje, ve\u0107 faktor koji direktno uti\u010de na stabilnost cijelog kontinenta. Zbog toga je, prema njegovim rije\u010dima, va\u017eno da Evropa nastupa jedinstveno i odgovorno.<\/p>\n\n\n\n<h3 class=\"wp-block-heading\">\u0160ta zna\u010di upozorenje o pet godina<\/h3>\n\n\n\n<p>Izjava da Evropa mo\u017ee biti zbrisana za pet godina ne odnosi se na njen fizi\u010dki nestanak, ve\u0107 na gubitak politi\u010dkog, ekonomskog i strate\u0161kog zna\u010daja. To je upozorenje da vrijeme za odluke isti\u010de i da odlaganje reformi, zajedni\u010dkih politika i strate\u0161kog razmi\u0161ljanja nosi ozbiljne posljedice.<\/p>\n\n\n\n<p>Macronova poruka mo\u017ee se posmatrati kao poziv na bu\u0111enje. Ona ukazuje na potrebu da Evropa prestane reagovati samo na krize i po\u010dne ih predvi\u0111ati, planirati i sprje\u010davati zajedni\u010dkim djelovanjem.<\/p>\n\n\n\n<h3 class=\"wp-block-heading\">Zaklju\u010dak<\/h3>\n\n\n\n<p>Bez obzira na to da li se sla\u017eemo s tonom ili procjenama francuskog predsjednika, jedno je jasno \u2013 svijet se mijenja br\u017ee nego ikada, a Evropa se nalazi na prekretnici. Njena budu\u0107nost zavisi od sposobnosti da prevazi\u0111e unutra\u0161nje podjele, defini\u0161e zajedni\u010dke ciljeve i preuzme aktivnu ulogu u globalnim procesima.<\/p>\n","protected":false},"excerpt":{"rendered":"<p>Izjava francuskog predsjednika Emmanuela Macrona da Evropa mo\u017ee nestati kao relevantan globalni faktor u narednih pet godina ako ne promijeni svoj pristup, izazvala je sna\u017ene reakcije \u0161irom kontinenta. Iako formulacija zvu\u010di dramati\u010dno, poruka koju je poslao nije senzacionalisti\u010dka, ve\u0107 predstavlja ozbiljno upozorenje o trenutnom polo\u017eaju Evrope u svijetu koji se brzo mijenja. Evropa izme\u0111u posmatranja [&hellip;]<\/p>\n","protected":false},"author":1,"featured_media":67673,"comment_status":"closed","ping_status":"closed","sticky":false,"template":"","format":"standard","meta":{"footnotes":""},"categories":[10],"tags":[],"class_list":["post-67672","post","type-post","status-publish","format-standard","has-post-thumbnail","hentry","category-zanimljivosti"],"_links":{"self":[{"href":"https:\/\/vaterpolosrbija.rs\/index.php?rest_route=\/wp\/v2\/posts\/67672","targetHints":{"allow":["GET"]}}],"collection":[{"href":"https:\/\/vaterpolosrbija.rs\/index.php?rest_route=\/wp\/v2\/posts"}],"about":[{"href":"https:\/\/vaterpolosrbija.rs\/index.php?rest_route=\/wp\/v2\/types\/post"}],"author":[{"embeddable":true,"href":"https:\/\/vaterpolosrbija.rs\/index.php?rest_route=\/wp\/v2\/users\/1"}],"replies":[{"embeddable":true,"href":"https:\/\/vaterpolosrbija.rs\/index.php?rest_route=%2Fwp%2Fv2%2Fcomments&post=67672"}],"version-history":[{"count":0,"href":"https:\/\/vaterpolosrbija.rs\/index.php?rest_route=\/wp\/v2\/posts\/67672\/revisions"}],"wp:featuredmedia":[{"embeddable":true,"href":"https:\/\/vaterpolosrbija.rs\/index.php?rest_route=\/wp\/v2\/media\/67673"}],"wp:attachment":[{"href":"https:\/\/vaterpolosrbija.rs\/index.php?rest_route=%2Fwp%2Fv2%2Fmedia&parent=67672"}],"wp:term":[{"taxonomy":"category","embeddable":true,"href":"https:\/\/vaterpolosrbija.rs\/index.php?rest_route=%2Fwp%2Fv2%2Fcategories&post=67672"},{"taxonomy":"post_tag","embeddable":true,"href":"https:\/\/vaterpolosrbija.rs\/index.php?rest_route=%2Fwp%2Fv2%2Ftags&post=67672"}],"curies":[{"name":"wp","href":"https:\/\/api.w.org\/{rel}","templated":true}]}}