{"id":67654,"date":"2026-02-10T00:37:02","date_gmt":"2026-02-09T22:37:02","guid":{"rendered":"https:\/\/kvalitetvremena.com\/?p=67654"},"modified":"2026-02-10T00:37:02","modified_gmt":"2026-02-09T22:37:02","slug":"sda-najavljuje-krivicnu-prijavu-protiv-milorada-dodika-politicke-poruke-pravni-okvir-i-moguce-posljedice","status":"publish","type":"post","link":"https:\/\/vaterpolosrbija.rs\/?p=67654","title":{"rendered":"SDA najavljuje krivi\u010dnu prijavu protiv Milorada Dodika: politi\u010dke poruke, pravni okvir i mogu\u0107e posljedice"},"content":{"rendered":"\n<p>Stranka demokratske akcije saop\u0107ila je da njen pravni tim priprema krivi\u010dnu prijavu protiv Milorada Dodika zbog sumnje na krivi\u010dno djelo izazivanja nacionalne, rasne i vjerske mr\u017enje, razdora i netrpeljivosti. Povod za ovu najavu su Dodikove izjave iznesene u nedavnom intervjuu za jedan ameri\u010dki medij, kao i tokom konferencije za novinare odr\u017eane u Banjoj Luci.<\/p>\n\n\n\n<p>Prema stavu SDA, navedene izjave prelaze granice politi\u010dkog govora i ulaze u zonu krivi\u010dne odgovornosti, zbog \u010dega, kako navode, nadle\u017ene institucije moraju reagirati u skladu sa zakonom.<\/p>\n\n\n\n<h3 class=\"wp-block-heading\">Pravna osnova i zahtjev za institucionalnom reakcijom<\/h3>\n\n\n\n<p>U saop\u0107enju SDA isti\u010de se da Dodikove izjave predstavljaju kontinuirani obrazac javnog nastupa koji, prema njihovoj ocjeni, poti\u010de netrpeljivost i vrije\u0111a odre\u0111ene kolektivne identitete. Stranka smatra da Tu\u017eila\u0161tvo Bosne i Hercegovine ima zakonsku obavezu da ispita navode i pokrene postupke tamo gdje za to postoje osnovi.<\/p>\n\n\n\n<p>Iz SDA nagla\u0161avaju da neprocesuiranje ovakvih slu\u010dajeva \u0161alje pogre\u0161nu poruku javnosti i doprinosi osje\u0107aju neka\u017enjivosti u politi\u010dkom prostoru. U tom kontekstu pozivaju na dosljednu primjenu zakona, bez obzira na politi\u010dku funkciju ili utjecaj pojedinca.<\/p>\n\n\n\n<h3 class=\"wp-block-heading\">Kritika politi\u010dke \u0161utnje i odnosa prema javnosti<\/h3>\n\n\n\n<p>Poseban dio saop\u0107enja odnosi se na izostanak javne reakcije pojedinih dr\u017eavnih zvani\u010dnika. SDA izra\u017eava nezadovoljstvo zbog, kako navode, ti\u0161ine \u010dlana Predsjedni\u0161tva BiH Denisa Be\u0107irovi\u0107a, kao i op\u0107eg pristupa politi\u010dkih aktera okupljenih oko Trojke.<\/p>\n\n\n\n<p>Prema njihovoj ocjeni, umjesto jasnih i odlu\u010dnih poruka, javnosti se plasiraju tvrdnje da je politi\u010dki utjecaj Milorada Dodika oslabljen ili da on vi\u0161e ne predstavlja ozbiljan faktor. SDA smatra da takav narativ ne odgovara stvarnom stanju na terenu i da mo\u017ee dovesti do potcjenjivanja politi\u010dkih i diplomatskih aktivnosti koje Dodik, prema njihovim tvrdnjama, i dalje intenzivno provodi.<\/p>\n\n\n\n<h3 class=\"wp-block-heading\">Politi\u010dki kontekst i \u0161ira slika<\/h3>\n\n\n\n<p>U saop\u0107enju se podsje\u0107a i na ranije izjave i procjene politi\u010dkih partnera iz vlasti, koje su, prema mi\u0161ljenju SDA, bile preuranjene ili neta\u010dne. Navodi se da umanjivanje zna\u010daja aktuelnih politi\u010dkih procesa, kao i fokusiranje na promotivne poruke bez konkretnih rezultata, mo\u017ee imati negativne posljedice po institucionalnu stabilnost i povjerenje gra\u0111ana.<\/p>\n\n\n\n<p>SDA upozorava da trenutna politi\u010dka situacija zahtijeva ozbiljan i koordiniran pristup, kako na unutra\u0161njem planu, tako i u komunikaciji s me\u0111unarodnim partnerima. Prema njihovom stavu, odgovornost nosilaca javnih funkcija je da realno sagledaju okolnosti i djeluju u skladu s tim.<\/p>\n\n\n\n<h3 class=\"wp-block-heading\">Zaklju\u010dak<\/h3>\n\n\n\n<p>Najava krivi\u010dne prijave protiv Milorada Dodika otvara nova pitanja o granicama politi\u010dkog govora, odgovornosti javnih funkcionera i ulozi pravosudnih institucija u Bosni i Hercegovini. Bez obzira na politi\u010dke stavove, ovakvi postupci nagla\u0161avaju va\u017enost vladavine prava i institucionalnog djelovanja kao temelja demokratskog dru\u0161tva.<\/p>\n\n\n\n<p>Kako \u0107e nadle\u017ene institucije reagirati i da li \u0107e najavljena prijava rezultirati konkretnim pravnim procesom, ostaje da se vidi u narednom periodu. Ono \u0161to je sigurno jeste da \u0107e ova tema i dalje biti u fokusu javnosti i politi\u010dkih rasprava.<\/p>\n","protected":false},"excerpt":{"rendered":"<p>Stranka demokratske akcije saop\u0107ila je da njen pravni tim priprema krivi\u010dnu prijavu protiv Milorada Dodika zbog sumnje na krivi\u010dno djelo izazivanja nacionalne, rasne i vjerske mr\u017enje, razdora i netrpeljivosti. Povod za ovu najavu su Dodikove izjave iznesene u nedavnom intervjuu za jedan ameri\u010dki medij, kao i tokom konferencije za novinare odr\u017eane u Banjoj Luci. Prema [&hellip;]<\/p>\n","protected":false},"author":1,"featured_media":67655,"comment_status":"closed","ping_status":"closed","sticky":false,"template":"","format":"standard","meta":{"footnotes":""},"categories":[10],"tags":[],"class_list":["post-67654","post","type-post","status-publish","format-standard","has-post-thumbnail","hentry","category-zanimljivosti"],"_links":{"self":[{"href":"https:\/\/vaterpolosrbija.rs\/index.php?rest_route=\/wp\/v2\/posts\/67654","targetHints":{"allow":["GET"]}}],"collection":[{"href":"https:\/\/vaterpolosrbija.rs\/index.php?rest_route=\/wp\/v2\/posts"}],"about":[{"href":"https:\/\/vaterpolosrbija.rs\/index.php?rest_route=\/wp\/v2\/types\/post"}],"author":[{"embeddable":true,"href":"https:\/\/vaterpolosrbija.rs\/index.php?rest_route=\/wp\/v2\/users\/1"}],"replies":[{"embeddable":true,"href":"https:\/\/vaterpolosrbija.rs\/index.php?rest_route=%2Fwp%2Fv2%2Fcomments&post=67654"}],"version-history":[{"count":0,"href":"https:\/\/vaterpolosrbija.rs\/index.php?rest_route=\/wp\/v2\/posts\/67654\/revisions"}],"wp:featuredmedia":[{"embeddable":true,"href":"https:\/\/vaterpolosrbija.rs\/index.php?rest_route=\/wp\/v2\/media\/67655"}],"wp:attachment":[{"href":"https:\/\/vaterpolosrbija.rs\/index.php?rest_route=%2Fwp%2Fv2%2Fmedia&parent=67654"}],"wp:term":[{"taxonomy":"category","embeddable":true,"href":"https:\/\/vaterpolosrbija.rs\/index.php?rest_route=%2Fwp%2Fv2%2Fcategories&post=67654"},{"taxonomy":"post_tag","embeddable":true,"href":"https:\/\/vaterpolosrbija.rs\/index.php?rest_route=%2Fwp%2Fv2%2Ftags&post=67654"}],"curies":[{"name":"wp","href":"https:\/\/api.w.org\/{rel}","templated":true}]}}