{"id":67647,"date":"2026-02-09T23:01:45","date_gmt":"2026-02-09T21:01:45","guid":{"rendered":"https:\/\/kvalitetvremena.com\/?p=67647"},"modified":"2026-02-09T23:01:45","modified_gmt":"2026-02-09T21:01:45","slug":"snimak-koji-je-razotkrio-sve-kako-sam-branila-secanje-na-sina","status":"publish","type":"post","link":"https:\/\/vaterpolosrbija.rs\/?p=67647","title":{"rendered":"Snimak koji je razotkrio sve: kako sam branila se\u0107anje na sina"},"content":{"rendered":"\n<p>Gubitak deteta je bol koji ne mo\u017ee da se opi\u0161e re\u010dima. Moj sin Kaleb bio je svetlost mog \u017eivota, de\u010dak \u010diji osmeh i smeh unosili toplinu u svaku prostoriju. Njegova smrt me je slomila, ali sam se dr\u017eala sitnica koje su mi ostale \u2014 njegove majice, crte\u017ea, patika koje je voleo da nosi.<\/p>\n\n\n\n<p>Na\u017ealost, u toj bolnoj ti\u0161ini, nisam imala podr\u0161ku od porodice mog mu\u017ea. Moja svekrva Lorin nikada nije imala razumevanja za moju tugu. Govorila je da preterujem, da \u201emoram dalje\u201c, \u010dak mi je sugerisala da rodim drugo dete, kao da ljudi mogu da se zamene. Svaki put bih \u0107utala, jer nisam imala snage za sukob.<\/p>\n\n\n\n<hr class=\"wp-block-separator has-alpha-channel-opacity\"\/>\n\n\n\n<h2 class=\"wp-block-heading\">Nestale stvari i prvi znak problema<\/h2>\n\n\n\n<p>Jednog dana shvatila sam da su Kalebove stvari nestale. Kada sam je suo\u010dila, hladno mi je rekla da ih je bacila jer su \u201esamo sme\u0107e koje me dr\u017ei u pro\u0161losti\u201c. Taj trenutak je bio te\u017eak, svet mi se sru\u0161io. Dok sam kopala po kontejneru i u rukama dr\u017eala prljavu duksericu mog sina, shvatila sam da ovo ne\u0107e ostati neka\u017enjeno.<\/p>\n\n\n\n<p>Nisam ni slutila da \u0107e nekoliko dana kasnije snimak sa sigurnosne kamere razotkriti ono \u0161to je Lorin poku\u0161avala da sakrije.<\/p>\n\n\n\n<hr class=\"wp-block-separator has-alpha-channel-opacity\"\/>\n\n\n\n<h2 class=\"wp-block-heading\">Snimak koji nije mogao da la\u017ee<\/h2>\n\n\n\n<p>Kada smo pokrenuli snimak, Lorin je jo\u0161 uvek imala onaj samouvereni osmeh. Dr\u017eala je \u010da\u0161u vina, o\u010dekuju\u0107i da je ovo jo\u0161 jedna obi\u010dna ve\u010dera. Ali kada se na ekranu pojavila slika gostinske sobe, njen osmeh je po\u010deo da bledi.<\/p>\n\n\n\n<p>Snimak je pokazivao kako ulazi u sobu dok mene nema kod ku\u0107e. Otvarala je fioke, preturala po torbama i zavirivala u ormare. Sve je bilo planski, smireno, bez ikakvog ose\u0107aja krivice.<\/p>\n\n\n\n<p>Moj mu\u017e Ethan je prvo zbunjeno gledao u ekran, pa u majku. \u201eMama\u2026 \u0161ta ti radi\u0161 u toj sobi?\u201c rekao je tiho. Lorin je spustila \u010da\u0161u, ali nije ni\u0161ta odgovorila.<\/p>\n\n\n\n<p>U slede\u0107em trenutku snimak je otkrio da vadi mali kov\u010de\u017ei\u0107 koji sam mislila da sam izgubila. U njemu su bile fascikle, dokumenta i koverte. Ethan je problijedio. \u201eTo su\u2026 ra\u010duni?\u201c pitao je, dok sam klimnula glavom. Bili su to ra\u010duni i novac namenjen Kalebu, koji je Lorin skrivala godinama.<\/p>\n\n\n\n<hr class=\"wp-block-separator has-alpha-channel-opacity\"\/>\n\n\n\n<h2 class=\"wp-block-heading\">Istina koja je zaledila sve<\/h2>\n\n\n\n<p>Ti\u0161ina koja je usledila bila je te\u017ea od vriska. Lorin je poku\u0161ala da se opravda, ali niko nije \u017eeleo da slu\u0161a njene izgovore. Novac koji je pripadao Kalebu bio je uzet bez prava, a njegova se\u0107anja ugro\u017eena.<\/p>\n\n\n\n<p>Tada sam mirno, ali \u010dvrsto objasnila \u0161ta je u\u010dinila. To nije bio trenutak osvete \u2014 ve\u0107 trenutak pravde. Moj sin nije bio \u201esme\u0107e\u201c. Nije bio prepreka. Bio je dete koje je zaslu\u017eilo po\u0161tovanje, \u010dak i posle smrti.<\/p>\n\n\n\n<p>Sutradan sam podnela zvani\u010dnu prijavu. Po prvi put nakon mnogo vremena, mogla sam da di\u0161em. Ne zbog pobede, ve\u0107 zato \u0161to sam stala u odbranu deteta koje sam volela vi\u0161e od svega na svetu.<\/p>\n\n\n\n<hr class=\"wp-block-separator has-alpha-channel-opacity\"\/>\n\n\n\n<h2 class=\"wp-block-heading\">Pouka koju nosim<\/h2>\n\n\n\n<p>Ova pri\u010da nije samo o sukobu ili pohlepi. Ona je o po\u0161tovanju se\u0107anja, o ljubavi koja ne prestaje, i o tome da istina uvek izlazi na videlo. Mala pa\u017enja, trenutak po\u0161tovanja ili odbrana ne\u010dijeg dostojanstva mo\u017ee promeniti tok \u017eivota.<\/p>\n\n\n\n<p>\u010cuvajte ono \u0161to volite i stanite u odbranu pravde kada je potrebno. Se\u0107anje na one koje volimo zaslu\u017euje po\u0161tovanje, i upravo to nas \u010dini ljudima koje \u017eelimo da budemo.<\/p>\n","protected":false},"excerpt":{"rendered":"<p>Gubitak deteta je bol koji ne mo\u017ee da se opi\u0161e re\u010dima. Moj sin Kaleb bio je svetlost mog \u017eivota, de\u010dak \u010diji osmeh i smeh unosili toplinu u svaku prostoriju. Njegova smrt me je slomila, ali sam se dr\u017eala sitnica koje su mi ostale \u2014 njegove majice, crte\u017ea, patika koje je voleo da nosi. Na\u017ealost, u [&hellip;]<\/p>\n","protected":false},"author":1,"featured_media":67648,"comment_status":"closed","ping_status":"closed","sticky":false,"template":"","format":"standard","meta":{"footnotes":""},"categories":[10],"tags":[],"class_list":["post-67647","post","type-post","status-publish","format-standard","has-post-thumbnail","hentry","category-zanimljivosti"],"_links":{"self":[{"href":"https:\/\/vaterpolosrbija.rs\/index.php?rest_route=\/wp\/v2\/posts\/67647","targetHints":{"allow":["GET"]}}],"collection":[{"href":"https:\/\/vaterpolosrbija.rs\/index.php?rest_route=\/wp\/v2\/posts"}],"about":[{"href":"https:\/\/vaterpolosrbija.rs\/index.php?rest_route=\/wp\/v2\/types\/post"}],"author":[{"embeddable":true,"href":"https:\/\/vaterpolosrbija.rs\/index.php?rest_route=\/wp\/v2\/users\/1"}],"replies":[{"embeddable":true,"href":"https:\/\/vaterpolosrbija.rs\/index.php?rest_route=%2Fwp%2Fv2%2Fcomments&post=67647"}],"version-history":[{"count":0,"href":"https:\/\/vaterpolosrbija.rs\/index.php?rest_route=\/wp\/v2\/posts\/67647\/revisions"}],"wp:featuredmedia":[{"embeddable":true,"href":"https:\/\/vaterpolosrbija.rs\/index.php?rest_route=\/wp\/v2\/media\/67648"}],"wp:attachment":[{"href":"https:\/\/vaterpolosrbija.rs\/index.php?rest_route=%2Fwp%2Fv2%2Fmedia&parent=67647"}],"wp:term":[{"taxonomy":"category","embeddable":true,"href":"https:\/\/vaterpolosrbija.rs\/index.php?rest_route=%2Fwp%2Fv2%2Fcategories&post=67647"},{"taxonomy":"post_tag","embeddable":true,"href":"https:\/\/vaterpolosrbija.rs\/index.php?rest_route=%2Fwp%2Fv2%2Ftags&post=67647"}],"curies":[{"name":"wp","href":"https:\/\/api.w.org\/{rel}","templated":true}]}}