{"id":67641,"date":"2026-02-09T22:42:00","date_gmt":"2026-02-09T20:42:00","guid":{"rendered":"https:\/\/kvalitetvremena.com\/?p=67641"},"modified":"2026-02-09T22:42:00","modified_gmt":"2026-02-09T20:42:00","slug":"kako-strpljenje-i-ljubav-mogu-promeniti-zivot-prica-o-detetu-koje-je-naucilo-da-govori","status":"publish","type":"post","link":"https:\/\/vaterpolosrbija.rs\/?p=67641","title":{"rendered":"Kako strpljenje i ljubav mogu promeniti \u017eivot: pri\u010da o detetu koje je nau\u010dilo da govori"},"content":{"rendered":"\n<p>Ponekad \u017eivot donese susrete koji nas oblikuju na na\u010din koji nismo mogli ni da zamislimo. Ovo je pri\u010da o Alanu, de\u010daku koji je godinama bio zatvoren u ti\u0161ini, i o tome kako strpljenje i ljubav mogu promeniti ne\u010diji svet.<\/p>\n\n\n\n<hr class=\"wp-block-separator has-alpha-channel-opacity\"\/>\n\n\n\n<h2 class=\"wp-block-heading\">Susret sa detetom koje su svi odbacili<\/h2>\n\n\n\n<p>Imala sam 55 godina kada sam se odlu\u010dila da usvojim dete koje su svi drugi smatrali \u201enemogu\u0107im za usvajanje\u201c. Alan je imao devet godina i nikada nije izgovorio ni jednu re\u010d. Ljudi su ga opisivali kao emotivno zatvorenog, ali ja sam u njegovoj ti\u0161ini videla ne\u0161to drugo \u2014 strah koji je pretvarao u zid oko sebe.<\/p>\n\n\n\n<p>Alan je stigao sa jednim rancem i opreznim pogledom. Nije plakao, nije postavljao pitanja i nije tra\u017eio ni\u0161ta. Moj zadatak nije bio da ga nateram da govori, ve\u0107 da mu pru\u017eim prostor u kojem mo\u017ee da se ose\u0107a sigurno.<\/p>\n\n\n\n<hr class=\"wp-block-separator has-alpha-channel-opacity\"\/>\n\n\n\n<h2 class=\"wp-block-heading\">Male geste koje grade poverenje<\/h2>\n\n\n\n<p>Prvih nekoliko meseci provodili smo ih tiho. Kuvala sam mu obroke, ostavljala poruke i \u010ditala naglas. Sela bih pored njega i kada je soba bila potpuno tiha. Vremenom, Alan je po\u010deo da mi prilazi bli\u017ee \u2014 \u010dekao bi me pre nego \u0161to pre\u0111e ulicu i donosio vodu kada sam bila bolesna. Svaka mala interakcija bila je korak ka poverenju.<\/p>\n\n\n\n<hr class=\"wp-block-separator has-alpha-channel-opacity\"\/>\n\n\n\n<h2 class=\"wp-block-heading\">Pet godina kasnije: trenutak koji menja sve<\/h2>\n\n\n\n<p>Pet godina nakon \u0161to sam ga usvojila, stajali smo zajedno u sudnici. Sudija mu je ne\u017eno rekao da mo\u017ee samo da klimne glavom ako \u017eeli da potvrdi usvajanje. Tada je Alan podigao pogled, pro\u010distio grlo i u\u010dinio ne\u0161to \u0161to niko nije o\u010dekivao.<\/p>\n\n\n\n<p>Sudnica je utihnula. Njegove ruke su se blago tresle, ali njegov pogled bio je mirniji nego ikada pre. Ispostavilo se da ti\u0161ina koju je godinama \u010duvao nije bila nedostatak ose\u0107anja, ve\u0107 mehanizam pre\u017eivljavanja.<\/p>\n\n\n\n<p>\u201eJa nisam uvek bio nem\u201c, rekao je tiho, ali jasno. Objavio je svetu ono \u0161to smo godinama znali samo ja i on \u2014 iza njegove ti\u0161ine krila se pri\u010da koju niko nije \u017eeleo da \u010duje.<\/p>\n\n\n\n<hr class=\"wp-block-separator has-alpha-channel-opacity\"\/>\n\n\n\n<h2 class=\"wp-block-heading\">Razumevanje i prihvatanje<\/h2>\n\n\n\n<p>Alan je objasnio da je prestao da govori kada je prethodna porodica vikala na njega jer je \u201eprevi\u0161e pri\u010dao\u201c. Tada je shvatio da je \u0107utanje na\u010din da pre\u017eivi. Svaka re\u010d koju nije izgovorio bila je deo njegovog emocionalnog oklopa.<\/p>\n\n\n\n<p>Tokom sudskog ro\u010di\u0161ta shvatila sam koliko je va\u017eno strpljenje i poverenje. Nisam ga prisiljavala da govori. Davala sam mu prostor da odlu\u010di kada je sigurno da otvori srce i glas.<\/p>\n\n\n\n<hr class=\"wp-block-separator has-alpha-channel-opacity\"\/>\n\n\n\n<h2 class=\"wp-block-heading\">Trenutak hrabrosti<\/h2>\n\n\n\n<p>Kada mu je sudija ponovo postavio pitanje, Alan je pogledao pravo u mene i rekao \u201eda\u201c. Ta jedna re\u010d bila je glasnija od svega \u0161to sam ikada \u010dula. Nije bila samo potvrda usvajanja, ve\u0107 simbol poverenja, hrabrosti i ljubavi.<\/p>\n\n\n\n<p>Kada smo se vratili ku\u0107i, Alan je tiho rekao \u201elaku no\u0107, mama\u201c. Taj trenutak bio je vredniji od svih godina \u010dekanja. Nau\u010dila sam da re\u010di nisu jedini dokaz ljubavi \u2014 strpljenje, posve\u0107enost i prisustvo mogu zna\u010diti vi\u0161e nego bilo \u0161ta \u0161to se izgovori.<\/p>\n\n\n\n<hr class=\"wp-block-separator has-alpha-channel-opacity\"\/>\n\n\n\n<h2 class=\"wp-block-heading\">Pouka koja menja \u017eivot<\/h2>\n\n\n\n<p>Danas Alan govori kada \u017eeli. Nekad \u0107uti satima, nekad postavlja pitanja bez prestanka. Nau\u010dili smo da ljubav nije prisila. Ljubav je strpljenje, sigurnost i podr\u0161ka.<\/p>\n\n\n\n<p>Usvojila sam dete koje nije bilo \u201enemogu\u0107e\u201c, ve\u0107 dete koje je \u010dekalo da mu bude sigurno. I tek kada je osetio tu sigurnost, dao mi je najve\u0107i poklon \u2014 svoj glas i poverenje.<\/p>\n","protected":false},"excerpt":{"rendered":"<p>Ponekad \u017eivot donese susrete koji nas oblikuju na na\u010din koji nismo mogli ni da zamislimo. Ovo je pri\u010da o Alanu, de\u010daku koji je godinama bio zatvoren u ti\u0161ini, i o tome kako strpljenje i ljubav mogu promeniti ne\u010diji svet. Susret sa detetom koje su svi odbacili Imala sam 55 godina kada sam se odlu\u010dila da [&hellip;]<\/p>\n","protected":false},"author":1,"featured_media":67642,"comment_status":"closed","ping_status":"closed","sticky":false,"template":"","format":"standard","meta":{"footnotes":""},"categories":[10],"tags":[],"class_list":["post-67641","post","type-post","status-publish","format-standard","has-post-thumbnail","hentry","category-zanimljivosti"],"_links":{"self":[{"href":"https:\/\/vaterpolosrbija.rs\/index.php?rest_route=\/wp\/v2\/posts\/67641","targetHints":{"allow":["GET"]}}],"collection":[{"href":"https:\/\/vaterpolosrbija.rs\/index.php?rest_route=\/wp\/v2\/posts"}],"about":[{"href":"https:\/\/vaterpolosrbija.rs\/index.php?rest_route=\/wp\/v2\/types\/post"}],"author":[{"embeddable":true,"href":"https:\/\/vaterpolosrbija.rs\/index.php?rest_route=\/wp\/v2\/users\/1"}],"replies":[{"embeddable":true,"href":"https:\/\/vaterpolosrbija.rs\/index.php?rest_route=%2Fwp%2Fv2%2Fcomments&post=67641"}],"version-history":[{"count":0,"href":"https:\/\/vaterpolosrbija.rs\/index.php?rest_route=\/wp\/v2\/posts\/67641\/revisions"}],"wp:featuredmedia":[{"embeddable":true,"href":"https:\/\/vaterpolosrbija.rs\/index.php?rest_route=\/wp\/v2\/media\/67642"}],"wp:attachment":[{"href":"https:\/\/vaterpolosrbija.rs\/index.php?rest_route=%2Fwp%2Fv2%2Fmedia&parent=67641"}],"wp:term":[{"taxonomy":"category","embeddable":true,"href":"https:\/\/vaterpolosrbija.rs\/index.php?rest_route=%2Fwp%2Fv2%2Fcategories&post=67641"},{"taxonomy":"post_tag","embeddable":true,"href":"https:\/\/vaterpolosrbija.rs\/index.php?rest_route=%2Fwp%2Fv2%2Ftags&post=67641"}],"curies":[{"name":"wp","href":"https:\/\/api.w.org\/{rel}","templated":true}]}}