{"id":67632,"date":"2026-02-09T21:56:09","date_gmt":"2026-02-09T19:56:09","guid":{"rendered":"https:\/\/kvalitetvremena.com\/?p=67632"},"modified":"2026-02-09T21:56:09","modified_gmt":"2026-02-09T19:56:09","slug":"nakon-gubitka-supruga-postala-sam-majka-a-jedno-jutro-me-je-suocilo-s-neocekivanom-odlukom","status":"publish","type":"post","link":"https:\/\/vaterpolosrbija.rs\/?p=67632","title":{"rendered":"Nakon gubitka supruga postala sam majka \u2014 a jedno jutro me je suo\u010dilo s neo\u010dekivanom odlukom"},"content":{"rendered":"\n<p>Prije \u010detiri mjeseca postala sam majka.<br>Moj mu\u017e nikada nije dobio priliku da dr\u017ei na\u0161eg sina. Rak ga je odnio dok sam bila u petom mjesecu trudno\u0107e.<\/p>\n\n\n\n<p>Od tada, moj \u017eivot se sveo na pre\u017eivljavanje. Dani i no\u0107i se stapaju \u2014 no\u0107na hranjenja, presvla\u010denje pelena u zoru, izdajanje mlijeka dok poku\u0161avam da zadr\u017eim snagu. Spavam u kratkim intervalima, nikada dovoljno dugo da se osje\u0107am odmorno ili potpuno prisutno.<\/p>\n\n\n\n<p>Da bismo imali krov nad glavom, svakog jutra prije izlaska sunca \u010distim poslovnu zgradu u centru grada. \u010cetiri sata dnevno. Dovoljno da pokrijem kiriju i osnovne potrebe za bebu. Dok sam odsutna, majka mog pokojnog mu\u017ea poma\u017ee oko \u010duvanja djeteta.<\/p>\n\n\n\n<p>Jednog posebno hladnog jutra, nakon zavr\u0161ene smjene, krenula sam prema autobuskoj stanici kada sam \u010dula zvuk koji me je zaustavio.<\/p>\n\n\n\n<p>Pla\u010d.<\/p>\n\n\n\n<p>Nije bio zvuk \u017eivotinje.<br>Bio je to pla\u010d bebe \u2014 tih, iscrpljen i uznemiren.<\/p>\n\n\n\n<p>Pratila sam zvuk do klupe u blizini skloni\u0161ta. U jeftinom \u0107ebetu nalazilo se novoro\u0111en\u010de, samo i vidno promrzlo. Lice mu je bilo crveno od hladno\u0107e, a tijelo previ\u0161e malo da bi bilo napolju samo.<\/p>\n\n\n\n<p>Ruke su mi drhtale dok sam ga podizala. Bio je hladan i gladan. Bez razmi\u0161ljanja, krenula sam ku\u0107i.<\/p>\n\n\n\n<p>Kada me je svekrva ugledala kako ulazim s drugom bebom u naru\u010dju, duboko je uzdahnula. Poku\u0161ala sam da objasnim \u0161ta se dogodilo, rije\u010di su izlazile zbrkano dok sam se borila da do\u0111em do daha.<\/p>\n\n\n\n<p>Nahranila sam bebu pored svog sina. Suze su mi tiho padale dok se kona\u010dno smirio. Ipak, obje smo znale da ne mo\u017eemo zadr\u017eati dijete.<\/p>\n\n\n\n<p>Pozvale smo nadle\u017ene slu\u017ebe.<\/p>\n\n\n\n<p>Do\u0161li su brzo. Spakovala sam pelene, maramice i bo\u010dice izdojenog mlijeka kako bi imao sve dok se ne prona\u0111e rje\u0161enje. Bio je to moj jedini na\u010din da se uvjerim da \u0107e biti zbrinut.<\/p>\n\n\n\n<p>Sljede\u0107eg dana zazvonio mi je telefon.<\/p>\n\n\n\n<p>Mu\u0161ki glas, ozbiljan i miran, predstavio se i pitao da li sam ja \u017eena koja je prona\u0161la bebu. Potvrdila sam, osje\u0107aju\u0107i kako mi se stomak ste\u017ee.<\/p>\n\n\n\n<p>Zatra\u017eio je da se tog popodneva pojavim na sastanku i dao mi adresu.<\/p>\n\n\n\n<p>Kada sam je \u010dula, osjetila sam nelagodu.<\/p>\n\n\n\n<p>Bila je to ista zgrada u kojoj sam radila.<\/p>\n\n\n\n<p>Misli su mi se rojile. Da li sam pogrije\u0161ila? Da li sam pre\u0161la neku granicu? Ho\u0107u li izgubiti jedini posao koji meni i mom sinu omogu\u0107ava sigurnost?<\/p>\n\n\n\n<p>Ta\u010dno u \u010detiri sata, do\u010dekao me je za\u0161titar i otpratio do sprata. Hodnici su bili tihi, a prostorije su mirisale na drvo i urednost.<\/p>\n\n\n\n<p>Iza velikog stola sjedio je stariji \u010dovjek sa sijedom kosom i ozbiljnim pogledom.<\/p>\n\n\n\n<p>Nije se nasmije\u0161io.<br>Nije odmah objasnio razlog sastanka.<\/p>\n\n\n\n<p>Pogledao me je i rekao samo jednu rije\u010d:<\/p>\n\n\n\n<p>\u201eSjednite.\u201c<\/p>\n","protected":false},"excerpt":{"rendered":"<p>Prije \u010detiri mjeseca postala sam majka.Moj mu\u017e nikada nije dobio priliku da dr\u017ei na\u0161eg sina. Rak ga je odnio dok sam bila u petom mjesecu trudno\u0107e. Od tada, moj \u017eivot se sveo na pre\u017eivljavanje. Dani i no\u0107i se stapaju \u2014 no\u0107na hranjenja, presvla\u010denje pelena u zoru, izdajanje mlijeka dok poku\u0161avam da zadr\u017eim snagu. Spavam u [&hellip;]<\/p>\n","protected":false},"author":1,"featured_media":67633,"comment_status":"closed","ping_status":"closed","sticky":false,"template":"","format":"standard","meta":{"footnotes":""},"categories":[12],"tags":[],"class_list":["post-67632","post","type-post","status-publish","format-standard","has-post-thumbnail","hentry","category-ispovijest"],"_links":{"self":[{"href":"https:\/\/vaterpolosrbija.rs\/index.php?rest_route=\/wp\/v2\/posts\/67632","targetHints":{"allow":["GET"]}}],"collection":[{"href":"https:\/\/vaterpolosrbija.rs\/index.php?rest_route=\/wp\/v2\/posts"}],"about":[{"href":"https:\/\/vaterpolosrbija.rs\/index.php?rest_route=\/wp\/v2\/types\/post"}],"author":[{"embeddable":true,"href":"https:\/\/vaterpolosrbija.rs\/index.php?rest_route=\/wp\/v2\/users\/1"}],"replies":[{"embeddable":true,"href":"https:\/\/vaterpolosrbija.rs\/index.php?rest_route=%2Fwp%2Fv2%2Fcomments&post=67632"}],"version-history":[{"count":0,"href":"https:\/\/vaterpolosrbija.rs\/index.php?rest_route=\/wp\/v2\/posts\/67632\/revisions"}],"wp:featuredmedia":[{"embeddable":true,"href":"https:\/\/vaterpolosrbija.rs\/index.php?rest_route=\/wp\/v2\/media\/67633"}],"wp:attachment":[{"href":"https:\/\/vaterpolosrbija.rs\/index.php?rest_route=%2Fwp%2Fv2%2Fmedia&parent=67632"}],"wp:term":[{"taxonomy":"category","embeddable":true,"href":"https:\/\/vaterpolosrbija.rs\/index.php?rest_route=%2Fwp%2Fv2%2Fcategories&post=67632"},{"taxonomy":"post_tag","embeddable":true,"href":"https:\/\/vaterpolosrbija.rs\/index.php?rest_route=%2Fwp%2Fv2%2Ftags&post=67632"}],"curies":[{"name":"wp","href":"https:\/\/api.w.org\/{rel}","templated":true}]}}