{"id":67623,"date":"2026-02-09T21:40:27","date_gmt":"2026-02-09T19:40:27","guid":{"rendered":"https:\/\/kvalitetvremena.com\/?p=67623"},"modified":"2026-02-09T21:40:27","modified_gmt":"2026-02-09T19:40:27","slug":"mali-kljuc-iz-ruke-mog-sina-otkrio-je-porodicnu-tajnu-i-donio-novi-pocetak","status":"publish","type":"post","link":"https:\/\/vaterpolosrbija.rs\/?p=67623","title":{"rendered":"Mali klju\u010d iz ruke mog sina otkrio je porodi\u010dnu tajnu i donio novi po\u010detak"},"content":{"rendered":"\n<p>Nikada nisam mogla da zamislim da \u0107e jedan tihi trenutak na porodi\u010dnom okupljanju otvoriti vrata dijelu mog \u017eivota za koji sam vjerovala da je zauvijek zatvoren. Moj odnos sa ocem mog pokojnog supruga oduvijek je bio slo\u017een, a godine nakon suprugove smrti obilje\u017eili su distanca, neizgovorena pitanja i borba da sama odgajam sina.<\/p>\n\n\n\n<p>Sve se promijenilo onog dana kada mi je moj \u0161esnaestogodi\u0161nji sin Kiran stavio u ruku mali, istro\u0161eni klju\u010d.<\/p>\n\n\n\n<p>Rekao mi je da je to od njegovog oca. \u010cuvao ga je, ba\u0161 kao \u0161to mu je obe\u0107ao, sve dok ne do\u0111e pravi trenutak. Nisam tada znala da \u0107e taj klju\u010d otvoriti pri\u010du o kojoj nikada nisam bila obavije\u0161tena.<\/p>\n\n\n\n<h3 class=\"wp-block-heading\">Neo\u010dekivano priznanje<\/h3>\n\n\n\n<p>Kiran je oduvijek imao poseban odnos sa svojim djedom. Iako izme\u0111u mene i tog dijela porodice nije bilo bliskosti, njih dvojica su se razumjela na na\u010din koji nisam u potpunosti shvatala.<\/p>\n\n\n\n<p>Dok smo tog dana stajali okupljeni pod ki\u0161obranima, Kiran mi se pribli\u017eio i tiho rekao:<br>\u201eMama, tata mi je rekao da ti ovo dam kada do\u0111e pravo vrijeme.\u201c<\/p>\n\n\n\n<p>U mojoj ruci na\u0161ao se mali, zar\u0111ali klju\u010d. Bio je star i naizgled bezna\u010dajan. Kada sam ga pitala odakle mu, rekao je da mu ga je otac dao prije operacije i zamolio ga da ga sa\u010duva.<\/p>\n\n\n\n<p>Sje\u0107anja na te dane vratila su se naglo \u2014 neizvjesnost, nada i razgovori za koje nismo znali da \u0107e biti posljednji. Nakon njegove smrti, \u017eivot se promijenio iz temelja. Radila sam vi\u0161e nego ikada, skrivaju\u0107i vlastiti umor kako bih sinu pru\u017eila osje\u0107aj sigurnosti.<\/p>\n\n\n\n<h3 class=\"wp-block-heading\">Ku\u0107a puna ti\u0161ine i skrivena tajna<\/h3>\n\n\n\n<p>Kiran mi je objasnio da klju\u010d pripada ku\u0107i njegovog djeda \u2014 mjestu na koje godinama nisam bila pozvana. Ipak, odlu\u010dili smo da slijedimo ono \u0161to je njegov otac zamislio.<\/p>\n\n\n\n<p>Kada smo u\u0161li u ku\u0107u, \u010dinilo se kao da je vrijeme stalo. Moj sin se kroz prostor kretao sigurno, kao da mu je sve poznato. Odveo me je u podrum, iza starog ormara, gdje se nalazio mali metalni sef.<\/p>\n\n\n\n<p>\u201eOvo je ono \u0161to je tata htio da vidi\u0161\u201c, rekao je.<\/p>\n\n\n\n<h3 class=\"wp-block-heading\">Pismo koje je donijelo odgovore<\/h3>\n\n\n\n<p>Klju\u010d je savr\u0161eno odgovarao. U sefu su se nalazili pa\u017eljivo slo\u017eeni sve\u017enjevi novca, bar\u0161unasta kutija sa narukvicom koju sam nekada nosila i pismo, napisano rukom mog supruga.<\/p>\n\n\n\n<p>U pismu je objasnio da je njegova majka godinama odvajala novac, \u017eele\u0107i da on jednog dana pomogne na\u0161oj porodici. Izvinio se zbog svega kroz \u0161ta smo morali pro\u0107i i izrazio nadu da \u0107e nam ova ostav\u0161tina donijeti barem malo mira i stabilnosti.<\/p>\n\n\n\n<p>Postojala je i posebna koverta za Kirana \u2014 puna savjeta, ohrabrenja i o\u010dinskih rije\u010di za godine koje dolaze.<\/p>\n\n\n\n<h3 class=\"wp-block-heading\">Novi po\u010detak<\/h3>\n\n\n\n<p>U danima koji su uslijedili, polako smo prihvatali istinu. Sredstva smo iskoristili odgovorno: izmirili dugove i prvi put bez straha po\u010deli da planiramo budu\u0107nost.<\/p>\n\n\n\n<p>Jednog popodneva, dok smo gledali prijave za fakultete, pitala sam Kirana da li i dalje \u017eeli da obi\u0111e \u0161kole o kojima smo ranije razgovarali. Nasmije\u0161io se i rekao:<br>\u201eSamo ako ide\u0161 sa mnom.\u201c<\/p>\n\n\n\n<p>U tom trenutku osjetila sam mir koji godinama nisam poznavala. Jedan mali, zar\u0111ali klju\u010d nije otvorio samo sef \u2014 otvorio je put ka iscjeljenju, razumijevanju i novom poglavlju na\u0161eg \u017eivota.<\/p>\n","protected":false},"excerpt":{"rendered":"<p>Nikada nisam mogla da zamislim da \u0107e jedan tihi trenutak na porodi\u010dnom okupljanju otvoriti vrata dijelu mog \u017eivota za koji sam vjerovala da je zauvijek zatvoren. Moj odnos sa ocem mog pokojnog supruga oduvijek je bio slo\u017een, a godine nakon suprugove smrti obilje\u017eili su distanca, neizgovorena pitanja i borba da sama odgajam sina. Sve se [&hellip;]<\/p>\n","protected":false},"author":1,"featured_media":67627,"comment_status":"closed","ping_status":"closed","sticky":false,"template":"","format":"standard","meta":{"footnotes":""},"categories":[12],"tags":[],"class_list":["post-67623","post","type-post","status-publish","format-standard","has-post-thumbnail","hentry","category-ispovijest"],"_links":{"self":[{"href":"https:\/\/vaterpolosrbija.rs\/index.php?rest_route=\/wp\/v2\/posts\/67623","targetHints":{"allow":["GET"]}}],"collection":[{"href":"https:\/\/vaterpolosrbija.rs\/index.php?rest_route=\/wp\/v2\/posts"}],"about":[{"href":"https:\/\/vaterpolosrbija.rs\/index.php?rest_route=\/wp\/v2\/types\/post"}],"author":[{"embeddable":true,"href":"https:\/\/vaterpolosrbija.rs\/index.php?rest_route=\/wp\/v2\/users\/1"}],"replies":[{"embeddable":true,"href":"https:\/\/vaterpolosrbija.rs\/index.php?rest_route=%2Fwp%2Fv2%2Fcomments&post=67623"}],"version-history":[{"count":0,"href":"https:\/\/vaterpolosrbija.rs\/index.php?rest_route=\/wp\/v2\/posts\/67623\/revisions"}],"wp:featuredmedia":[{"embeddable":true,"href":"https:\/\/vaterpolosrbija.rs\/index.php?rest_route=\/wp\/v2\/media\/67627"}],"wp:attachment":[{"href":"https:\/\/vaterpolosrbija.rs\/index.php?rest_route=%2Fwp%2Fv2%2Fmedia&parent=67623"}],"wp:term":[{"taxonomy":"category","embeddable":true,"href":"https:\/\/vaterpolosrbija.rs\/index.php?rest_route=%2Fwp%2Fv2%2Fcategories&post=67623"},{"taxonomy":"post_tag","embeddable":true,"href":"https:\/\/vaterpolosrbija.rs\/index.php?rest_route=%2Fwp%2Fv2%2Ftags&post=67623"}],"curies":[{"name":"wp","href":"https:\/\/api.w.org\/{rel}","templated":true}]}}