{"id":67596,"date":"2026-02-09T10:04:57","date_gmt":"2026-02-09T08:04:57","guid":{"rendered":"https:\/\/kvalitetvremena.com\/?p=67596"},"modified":"2026-02-09T10:04:57","modified_gmt":"2026-02-09T08:04:57","slug":"dodik-nakon-izbora-poruke-pobjede-reakcije-opozicije-i-politicke-tenzije","status":"publish","type":"post","link":"https:\/\/vaterpolosrbija.rs\/?p=67596","title":{"rendered":"Dodik nakon izbora: Poruke pobjede, reakcije opozicije i politi\u010dke tenzije"},"content":{"rendered":"\n<p>Predsjednik Saveza nezavisnih socijaldemokrata Milorad Dodik obratio se javnosti nakon izbora, iznose\u0107i stavove o izbornim rezultatima, radu institucija i budu\u0107im politi\u010dkim potezima. Njegovo obra\u0107anje izazvalo je sna\u017ene reakcije u javnosti, kako zbog poruka o izbornoj pobjedi, tako i zbog o\u0161tre retorike prema politi\u010dkim protivnicima i dijelu javnosti.<\/p>\n\n\n\n<h3 class=\"wp-block-heading\">Progla\u0161enje pobjede i izborni rezultati<\/h3>\n\n\n\n<p>Na konferenciji za medije Dodik je izjavio da je kandidat SNSD-a Sini\u0161a Karan ostvario pobjedu na izborima, navode\u0107i da je prednost pove\u0107ana za oko 800 glasova. Prema njegovim rije\u010dima, Centralna izborna komisija treba samo da potvrdi ve\u0107 ostvareni rezultat.<\/p>\n\n\n\n<p>Istakao je zahvalnost bira\u010dima i \u010dlanovima stranke, nagla\u0161avaju\u0107i da su se tokom izbornog procesa bavili, kako je rekao, odgovornim dr\u017eavnim poslovima. Dodik je poru\u010dio da izborni rezultat vidi kao potvrdu dosada\u0161nje politike SNSD-a i pravca u kojem se, prema njegovom stavu, treba dalje kretati Republika Srpska.<\/p>\n\n\n\n<h3 class=\"wp-block-heading\">Kritike opozicije i izbornih prigovora<\/h3>\n\n\n\n<p>U svom obra\u0107anju, Dodik se osvrnuo i na navode opozicije o mogu\u0107im nepravilnostima u izbornom procesu. Odbacio je optu\u017ebe o malverzacijama, isti\u010du\u0107i da su takve tvrdnje poku\u0161aj opravdavanja poraza.<\/p>\n\n\n\n<p>Naglasio je da, prema njegovom mi\u0161ljenju, dio politi\u010dkih aktera ne prihvata izborni rezultat i da poku\u0161ava da ga ospori kroz pritiske na izborne institucije. Tako\u0111e je naveo da \u0107e SNSD nastaviti sa svojim politi\u010dkim programom bez obzira na, kako je rekao, kritike i osporavanja.<\/p>\n\n\n\n<h3 class=\"wp-block-heading\">Odnos prema me\u0111unarodnim i doma\u0107im akterima<\/h3>\n\n\n\n<p>Dodik je u izjavi pomenuo i me\u0111unarodni faktor, isti\u010du\u0107i da smatra da je bilo poku\u0161aja spoljnog uticaja na izborni proces. Prema njegovim rije\u010dima, izborni rezultat vidi kao politi\u010dku pobjedu nad takvim pritiscima, ali i nad, kako je naveo, politi\u010dkim strukturama koje djeluju iz Sarajeva.<\/p>\n\n\n\n<p>Iako je retorika bila o\u0161tra, poru\u010dio je da \u0107e vlasti u Republici Srpskoj nastaviti sa svojim planovima i politikama, fokusiraju\u0107i se na rad institucija i dalji razvoj.<\/p>\n\n\n\n<h3 class=\"wp-block-heading\">Najave za naredni period<\/h3>\n\n\n\n<p>Na kraju obra\u0107anja, Dodik je najavio nastavak politi\u010dkih aktivnosti i naglasio da \u0107e SNSD, prema njegovim rije\u010dima, biti jo\u0161 sna\u017eniji u narednim izbornim ciklusima. Posebno je istakao da o\u010dekuje dodatne izborne pobjede u oktobru i da \u0107e, kako tvrdi, tada razlike biti jo\u0161 izra\u017eenije.<\/p>\n\n\n\n<p>Poru\u010dio je da \u0107e nova vlast, predvo\u0111ena Sini\u0161om Karanom, odmah po\u010deti s radom, uz naglasak na kontinuitet dosada\u0161njih politika i dono\u0161enje odluka koje, prema njegovim rije\u010dima, treba da donesu stabilnost i politi\u010dku sigurnost.<\/p>\n\n\n\n<h3 class=\"wp-block-heading\">Zaklju\u010dak<\/h3>\n\n\n\n<p>Izjave Milorada Dodika nakon izbora jo\u0161 jednom su pokazale visok nivo politi\u010dkih tenzija i duboke podjele na doma\u0107oj politi\u010dkoj sceni. Dok vladaju\u0107a stranka govori o jasnoj pobjedi i nastavku zapo\u010detog puta, opozicija i dio javnosti ostaju kriti\u010dni prema izbornom procesu i politi\u010dkoj retorici. U narednim danima o\u010dekuje se i zvani\u010dna potvrda izbornih rezultata, kao i daljnje reakcije politi\u010dkih aktera.<\/p>\n","protected":false},"excerpt":{"rendered":"<p>Predsjednik Saveza nezavisnih socijaldemokrata Milorad Dodik obratio se javnosti nakon izbora, iznose\u0107i stavove o izbornim rezultatima, radu institucija i budu\u0107im politi\u010dkim potezima. Njegovo obra\u0107anje izazvalo je sna\u017ene reakcije u javnosti, kako zbog poruka o izbornoj pobjedi, tako i zbog o\u0161tre retorike prema politi\u010dkim protivnicima i dijelu javnosti. Progla\u0161enje pobjede i izborni rezultati Na konferenciji za [&hellip;]<\/p>\n","protected":false},"author":1,"featured_media":67597,"comment_status":"closed","ping_status":"closed","sticky":false,"template":"","format":"standard","meta":{"footnotes":""},"categories":[10],"tags":[],"class_list":["post-67596","post","type-post","status-publish","format-standard","has-post-thumbnail","hentry","category-zanimljivosti"],"_links":{"self":[{"href":"https:\/\/vaterpolosrbija.rs\/index.php?rest_route=\/wp\/v2\/posts\/67596","targetHints":{"allow":["GET"]}}],"collection":[{"href":"https:\/\/vaterpolosrbija.rs\/index.php?rest_route=\/wp\/v2\/posts"}],"about":[{"href":"https:\/\/vaterpolosrbija.rs\/index.php?rest_route=\/wp\/v2\/types\/post"}],"author":[{"embeddable":true,"href":"https:\/\/vaterpolosrbija.rs\/index.php?rest_route=\/wp\/v2\/users\/1"}],"replies":[{"embeddable":true,"href":"https:\/\/vaterpolosrbija.rs\/index.php?rest_route=%2Fwp%2Fv2%2Fcomments&post=67596"}],"version-history":[{"count":0,"href":"https:\/\/vaterpolosrbija.rs\/index.php?rest_route=\/wp\/v2\/posts\/67596\/revisions"}],"wp:featuredmedia":[{"embeddable":true,"href":"https:\/\/vaterpolosrbija.rs\/index.php?rest_route=\/wp\/v2\/media\/67597"}],"wp:attachment":[{"href":"https:\/\/vaterpolosrbija.rs\/index.php?rest_route=%2Fwp%2Fv2%2Fmedia&parent=67596"}],"wp:term":[{"taxonomy":"category","embeddable":true,"href":"https:\/\/vaterpolosrbija.rs\/index.php?rest_route=%2Fwp%2Fv2%2Fcategories&post=67596"},{"taxonomy":"post_tag","embeddable":true,"href":"https:\/\/vaterpolosrbija.rs\/index.php?rest_route=%2Fwp%2Fv2%2Ftags&post=67596"}],"curies":[{"name":"wp","href":"https:\/\/api.w.org\/{rel}","templated":true}]}}