{"id":67590,"date":"2026-02-08T21:01:16","date_gmt":"2026-02-08T19:01:16","guid":{"rendered":"https:\/\/kvalitetvremena.com\/?p=67590"},"modified":"2026-02-08T21:01:16","modified_gmt":"2026-02-08T19:01:16","slug":"ubistvo-aleksandre-sarkovic-u-nisu-novi-detalji-istrage-i-okolnosti-zlocina","status":"publish","type":"post","link":"https:\/\/vaterpolosrbija.rs\/?p=67590","title":{"rendered":"Ubistvo Aleksandre \u0160arkovi\u0107 u Ni\u0161u: Novi detalji istrage i okolnosti zlo\u010dina"},"content":{"rendered":"\n<p>U Ni\u0161u, u naselju Palilula, ju\u010der je ubijena Aleksandra \u0160arkovi\u0107, a istraga ovog tragi\u010dnog doga\u0111aja otkriva nove detalje koji ukazuju na to da je zlo\u010din bio unaprijed planiran. Za ubistvo je osumnji\u010den Du\u0161ko G., koji je nekoliko sati nakon doga\u0111aja uhap\u0161en.<\/p>\n\n\n\n<h3 class=\"wp-block-heading\">Planiran napad<\/h3>\n\n\n\n<p>Prema prvim informacijama iz istrage, osumnji\u010deni je navodno znao ta\u010dno vrijeme kada se Aleksandra vra\u0107ala ku\u0107i nakon \u0161to je odvela dijete u \u0161kolu. On je, prema navodima istra\u017eitelja, sa\u010dekao \u017ertvu na uglu ulica i tom prilikom pucao u nju. Nakon zlo\u010dina, osumnji\u010deni je pobjegao automobilom prema selu Nozrina, odakle je, prema saznanjima policije, pozvao brata da mu pomogne. Pretpostavlja se da je planirao bijeg preko Aleksinca, ali je policija brzo reagovala i locirala ga, te je ubrzo uhap\u0161en.<\/p>\n\n\n\n<p>Dosada\u0161nja saznanja pokazuju i da je Du\u0161ko G. ranije prijetio Aleksandri, uklju\u010duju\u0107i i prijetnje smr\u0107u, \u0161to ukazuje da je rije\u010d o osobi koja je ve\u0107 bila poznata policiji i dovodila se u vezu s krivi\u010dnim djelima, uklju\u010duju\u0107i i trgovinu narkoticima. Za sada nije poznato da li je \u017ertva prethodno prijavljivala prijetnje nadle\u017enim institucijama.<\/p>\n\n\n\n<h3 class=\"wp-block-heading\">Reakcija kom\u0161ija i javnosti<\/h3>\n\n\n\n<p>Kom\u0161ije Aleksandre \u0160arkovi\u0107 potvrdile su da je osumnji\u010deni ranije otvoreno prijetio \u017ertvi. Ubistvo je izazvalo veliku zabrinutost i uznemirenost javnosti, a istraga je u toku kako bi se utvrdili svi motivi i okolnosti zlo\u010dina.<\/p>\n\n\n\n<h3 class=\"wp-block-heading\">Aleksandra \u0160arkovi\u0107 \u2013 preduzetnica i sportistkinja<\/h3>\n\n\n\n<p>Aleksandra \u0160arkovi\u0107 bila je preduzetnica i aktivno se bavila rukometom. Njeno ubistvo predstavlja tragediju za porodicu, prijatelje i lokalnu zajednicu.<\/p>\n\n\n\n<h3 class=\"wp-block-heading\">Porodi\u010dna tragedija<\/h3>\n\n\n\n<p>Na\u017ealost, ovo nije prva tragedija u porodici \u0160arkovi\u0107. Aleksandrin suprug, Dejan \u0160arkovi\u0107, stradao je 2017. godine u eksploziji bombe u automobilu. Prema tada\u0161njim medijskim izvje\u0161tajima, imao je policijski dosije i ranije je prijavljivao prijetnje i napade, uklju\u010duju\u0107i paljenje automobila ispred porodi\u010dnog stana.<\/p>\n\n\n\n<h3 class=\"wp-block-heading\">Istraga u toku<\/h3>\n\n\n\n<p>Motiv ubistva Aleksandre \u0160arkovi\u0107 jo\u0161 uvijek nije poznat. Policija nastavlja sa istragom kako bi utvrdila sve okolnosti, uklju\u010duju\u0107i planiranje napada, eventualne sau\u010desnike i druge relevantne \u010dinjenice. Javnost se poziva na strpljenje dok nadle\u017eni ne zavr\u0161e rad na ovom slu\u010daju.<\/p>\n\n\n\n<p>Ovaj tragi\u010dni doga\u0111aj ponovo ukazuje na potrebu za pa\u017eljivim pra\u0107enjem prijetnji i pravovremenim reagovanjem nadle\u017enih institucija kako bi se sprije\u010dili sli\u010dni incidenti u budu\u0107nosti.<\/p>\n","protected":false},"excerpt":{"rendered":"<p>U Ni\u0161u, u naselju Palilula, ju\u010der je ubijena Aleksandra \u0160arkovi\u0107, a istraga ovog tragi\u010dnog doga\u0111aja otkriva nove detalje koji ukazuju na to da je zlo\u010din bio unaprijed planiran. Za ubistvo je osumnji\u010den Du\u0161ko G., koji je nekoliko sati nakon doga\u0111aja uhap\u0161en. Planiran napad Prema prvim informacijama iz istrage, osumnji\u010deni je navodno znao ta\u010dno vrijeme kada [&hellip;]<\/p>\n","protected":false},"author":1,"featured_media":67591,"comment_status":"closed","ping_status":"closed","sticky":false,"template":"","format":"standard","meta":{"footnotes":""},"categories":[10],"tags":[],"class_list":["post-67590","post","type-post","status-publish","format-standard","has-post-thumbnail","hentry","category-zanimljivosti"],"_links":{"self":[{"href":"https:\/\/vaterpolosrbija.rs\/index.php?rest_route=\/wp\/v2\/posts\/67590","targetHints":{"allow":["GET"]}}],"collection":[{"href":"https:\/\/vaterpolosrbija.rs\/index.php?rest_route=\/wp\/v2\/posts"}],"about":[{"href":"https:\/\/vaterpolosrbija.rs\/index.php?rest_route=\/wp\/v2\/types\/post"}],"author":[{"embeddable":true,"href":"https:\/\/vaterpolosrbija.rs\/index.php?rest_route=\/wp\/v2\/users\/1"}],"replies":[{"embeddable":true,"href":"https:\/\/vaterpolosrbija.rs\/index.php?rest_route=%2Fwp%2Fv2%2Fcomments&post=67590"}],"version-history":[{"count":0,"href":"https:\/\/vaterpolosrbija.rs\/index.php?rest_route=\/wp\/v2\/posts\/67590\/revisions"}],"wp:featuredmedia":[{"embeddable":true,"href":"https:\/\/vaterpolosrbija.rs\/index.php?rest_route=\/wp\/v2\/media\/67591"}],"wp:attachment":[{"href":"https:\/\/vaterpolosrbija.rs\/index.php?rest_route=%2Fwp%2Fv2%2Fmedia&parent=67590"}],"wp:term":[{"taxonomy":"category","embeddable":true,"href":"https:\/\/vaterpolosrbija.rs\/index.php?rest_route=%2Fwp%2Fv2%2Fcategories&post=67590"},{"taxonomy":"post_tag","embeddable":true,"href":"https:\/\/vaterpolosrbija.rs\/index.php?rest_route=%2Fwp%2Fv2%2Ftags&post=67590"}],"curies":[{"name":"wp","href":"https:\/\/api.w.org\/{rel}","templated":true}]}}