{"id":67569,"date":"2026-02-07T12:37:08","date_gmt":"2026-02-07T10:37:08","guid":{"rendered":"https:\/\/kvalitetvremena.com\/?p=67569"},"modified":"2026-02-07T12:37:08","modified_gmt":"2026-02-07T10:37:08","slug":"milica-todorovic-se-oglasila-iz-porodilista-objavila-prvu-fotografiju-sina-i-uputila-emotivnu-poruku-javnosti","status":"publish","type":"post","link":"https:\/\/vaterpolosrbija.rs\/?p=67569","title":{"rendered":"Milica Todorovi\u0107 se oglasila iz porodili\u0161ta: Objavila prvu fotografiju sina i uputila emotivnu poruku javnosti"},"content":{"rendered":"\n<p>Peva\u010dica <strong>Milica Todorovi\u0107<\/strong> oglasila se sino\u0107, <strong>6. februara<\/strong>, novim saop\u0161tenjem za javnost, uz <strong>prvu fotografiju iz porodili\u0161ta<\/strong>.<\/p>\n\n\n\n<p>Milica je objavila fotografiju svog novoro\u0111enog sina, \u010dije je lice prekrila tekstom poruke koju je uputila javnosti. U saop\u0161tenju je zamolila za razumevanje i privatnost, isti\u010du\u0107i da od trenutka poro\u0111aja prolazi kroz izuzetno te\u017eak emotivni period.<\/p>\n\n\n\n<p>Kako je navela, nije joj pru\u017eena prilika da u miru u\u017eiva u prvim danima maj\u010dinstva, ve\u0107 je izlo\u017eena ogromnom stresu.<\/p>\n\n\n\n<p>\u2013 Prolazim kroz veoma te\u017eak period i izlo\u017eena sam stresu kakav, verujem, nijedna \u017eena ne bi trebalo da do\u017eivi, naro\u010dito u danima nakon poro\u0111aja \u2013 poru\u010dila je Milica.<\/p>\n\n\n\n<hr class=\"wp-block-separator has-alpha-channel-opacity\"\/>\n\n\n\n<h3 class=\"wp-block-heading\">Podr\u0161ka sa Pink televizije<\/h3>\n\n\n\n<p>Javnu podr\u0161ku Milici Todorovi\u0107 pru\u017eila je i voditeljka Pink televizije, koja je istakla da joj je posebno \u017eao \u0161to peva\u010dica u ovim trenucima ne mo\u017ee da u\u017eiva u dolasku deteta na svet.<\/p>\n\n\n\n<p>\u2013 Ne smem da budem potpuno iskrena, jer ako ponovo progovorim\u2026 Pre svega, \u0161aljem ogromnu ljubav Milici. Ona je prelepa i izuzetno talentovana \u017eena. Najvi\u0161e mi je \u017eao \u0161to u ovim danima ne mo\u017ee da u\u017eiva. Tek se porodila, a \u010dita sve ovo \u2013 mogu samo da zamislim kako joj je \u2013 rekla je Lazi\u0107ka.<\/p>\n\n\n\n<p>Dodala je da joj je privatno poslala poruku podr\u0161ke.<\/p>\n\n\n\n<p>\u2013 Napisala sam joj da \u010duva sebe i svoje dete. Sve \u0107e ovo jednog dana biti pro\u0161lost. Smatram da su mu\u0161karci prolazna kategorija i da \u0107e pro\u0107i i ovo. Po mom mi\u0161ljenju, u celoj pri\u010di najve\u0107u odgovornost snosi mu\u0161karac. \u017dao mi je i druge \u017eene, ukoliko je sve istina. Zaista ne znam \u0161ta je ta\u010dno, ali mi je \u017eao obe \u017eene. U ovom slu\u010daju smatram da je jedino Mili\u010dino saop\u0161tenje verodostojno \u2013 izjavila je ona okupljenim medijima.<\/p>\n\n\n\n<figure class=\"wp-block-image\"><img decoding=\"async\" src=\"https:\/\/novi.ba\/assets\/storage\/photos\/e62d7f1eb43d87c202d2f164ba61297e71be80f4\/1770416371407-milica-830x0.jpg\" alt=\"\"\/><\/figure>\n\n\n\n<p><\/p>\n","protected":false},"excerpt":{"rendered":"<p>Peva\u010dica Milica Todorovi\u0107 oglasila se sino\u0107, 6. februara, novim saop\u0161tenjem za javnost, uz prvu fotografiju iz porodili\u0161ta. Milica je objavila fotografiju svog novoro\u0111enog sina, \u010dije je lice prekrila tekstom poruke koju je uputila javnosti. U saop\u0161tenju je zamolila za razumevanje i privatnost, isti\u010du\u0107i da od trenutka poro\u0111aja prolazi kroz izuzetno te\u017eak emotivni period. Kako je [&hellip;]<\/p>\n","protected":false},"author":1,"featured_media":67570,"comment_status":"closed","ping_status":"closed","sticky":false,"template":"","format":"standard","meta":{"footnotes":""},"categories":[17],"tags":[],"class_list":["post-67569","post","type-post","status-publish","format-standard","has-post-thumbnail","hentry","category-showbizz"],"_links":{"self":[{"href":"https:\/\/vaterpolosrbija.rs\/index.php?rest_route=\/wp\/v2\/posts\/67569","targetHints":{"allow":["GET"]}}],"collection":[{"href":"https:\/\/vaterpolosrbija.rs\/index.php?rest_route=\/wp\/v2\/posts"}],"about":[{"href":"https:\/\/vaterpolosrbija.rs\/index.php?rest_route=\/wp\/v2\/types\/post"}],"author":[{"embeddable":true,"href":"https:\/\/vaterpolosrbija.rs\/index.php?rest_route=\/wp\/v2\/users\/1"}],"replies":[{"embeddable":true,"href":"https:\/\/vaterpolosrbija.rs\/index.php?rest_route=%2Fwp%2Fv2%2Fcomments&post=67569"}],"version-history":[{"count":0,"href":"https:\/\/vaterpolosrbija.rs\/index.php?rest_route=\/wp\/v2\/posts\/67569\/revisions"}],"wp:featuredmedia":[{"embeddable":true,"href":"https:\/\/vaterpolosrbija.rs\/index.php?rest_route=\/wp\/v2\/media\/67570"}],"wp:attachment":[{"href":"https:\/\/vaterpolosrbija.rs\/index.php?rest_route=%2Fwp%2Fv2%2Fmedia&parent=67569"}],"wp:term":[{"taxonomy":"category","embeddable":true,"href":"https:\/\/vaterpolosrbija.rs\/index.php?rest_route=%2Fwp%2Fv2%2Fcategories&post=67569"},{"taxonomy":"post_tag","embeddable":true,"href":"https:\/\/vaterpolosrbija.rs\/index.php?rest_route=%2Fwp%2Fv2%2Ftags&post=67569"}],"curies":[{"name":"wp","href":"https:\/\/api.w.org\/{rel}","templated":true}]}}