{"id":67565,"date":"2026-02-06T22:44:19","date_gmt":"2026-02-06T20:44:19","guid":{"rendered":"https:\/\/kvalitetvremena.com\/?p=67565"},"modified":"2026-02-06T22:44:19","modified_gmt":"2026-02-06T20:44:19","slug":"afera-u-crnoj-gori-ostavke-pajkovic-i-vuksica-nakon-distribucije-privatnih-materijala","status":"publish","type":"post","link":"https:\/\/vaterpolosrbija.rs\/?p=67565","title":{"rendered":"Afera u Crnoj Gori: Ostavke Pajkovi\u0107 i Vuk\u0161i\u0107a nakon distribucije privatnih materijala"},"content":{"rendered":"\n<p>Crnu Goru ve\u0107 nedeljama potresa afera u vezi sa navodnom neovla\u0161\u0107enom distribucijom privatnih audio i video sadr\u017eaja, u kojoj su u sredi\u0161tu pa\u017enje biv\u0161i visoki dr\u017eavni funkcioneri Mirjana Pajkovi\u0107 i Dejan Vuk\u0161i\u0107.<\/p>\n\n\n\n<p><strong>Ostavke:<\/strong><\/p>\n\n\n\n<ul class=\"wp-block-list\">\n<li>Dejan Vuk\u0161i\u0107, biv\u0161i direktor Agencije za nacionalnu bezbednost (ANB) i savetnik predsednika Crne Gore, podneo je ostavku krajem pro\u0161le godine nakon \u0161to je protiv njega podneta krivi\u010dna prijava.<\/li>\n\n\n\n<li>Mirjana Pajkovi\u0107 podnela je ostavku na mesto dr\u017eavne sekretarke u Ministarstvu ljudskih i manjinskih prava nakon \u0161to su u javnost dospeli privatni materijali za koje tvrdi da su distribuirani bez njenog znanja i saglasnosti.<\/li>\n<\/ul>\n\n\n\n<p><strong>Suprotstavljene izjave:<\/strong><\/p>\n\n\n\n<ul class=\"wp-block-list\">\n<li>Vuk\u0161i\u0107 negira ume\u0161anost u objavljivanje spornih sadr\u017eaja i tvrdi da je i sam bio izlo\u017een zloupotrebi privatnih podataka, te da je ranije prijavio kra\u0111u i neovla\u0161\u0107eno kori\u0161\u0107enje svog mobilnog telefona. Najavio je dodatne prijave protiv osoba koje ga javno optu\u017euju.<\/li>\n\n\n\n<li>Pajkovi\u0107 je podnela vi\u0161e krivi\u010dnih prijava zbog neovla\u0161\u0107ene distribucije svojih privatnih snimaka i fotografija, navode\u0107i da je povre\u0111ena njena privatnost i li\u010dni integritet.<\/li>\n<\/ul>\n\n\n\n<p><strong>Reakcije institucija:<\/strong><\/p>\n\n\n\n<ul class=\"wp-block-list\">\n<li>Tu\u017eila\u0161tvo se do sada nije ogla\u0161avalo.<\/li>\n\n\n\n<li>ANB je saop\u0161tio da sporni sadr\u017eaji nisu predmet interesa te institucije i da se ne mogu dovoditi u vezu sa njenim zakonitim radom.<\/li>\n<\/ul>\n\n\n\n<p><strong>Zakonski okvir:<\/strong><br>Neovla\u0161\u0107eno objavljivanje ili zloupotreba tu\u0111ih privatnih materijala prema Krivi\u010dnom zakoniku Crne Gore predstavlja krivi\u010dno delo koje mo\u017ee biti sankcionisano zatvorskom kaznom.<\/p>\n\n\n\n<p><strong>Dalji razvoj:<\/strong><br>Iako se slu\u010daj intenzivno komentari\u0161e u javnosti i na dru\u0161tvenim mre\u017eama, kona\u010dni ishod zavisi od nadle\u017enih institucija. Oba aktera poru\u010duju da \u0107e svoja prava braniti isklju\u010divo kroz zakonske mehanizme.<\/p>\n\n\n\n<p><strong>Napomena:<\/strong><br>Sve osobe pomenute u tekstu smatraju se nevinima dok se eventualna odgovornost ne utvrdi pravosna\u017enom sudskom odlukom.<\/p>\n","protected":false},"excerpt":{"rendered":"<p>Crnu Goru ve\u0107 nedeljama potresa afera u vezi sa navodnom neovla\u0161\u0107enom distribucijom privatnih audio i video sadr\u017eaja, u kojoj su u sredi\u0161tu pa\u017enje biv\u0161i visoki dr\u017eavni funkcioneri Mirjana Pajkovi\u0107 i Dejan Vuk\u0161i\u0107. Ostavke: Suprotstavljene izjave: Reakcije institucija: Zakonski okvir:Neovla\u0161\u0107eno objavljivanje ili zloupotreba tu\u0111ih privatnih materijala prema Krivi\u010dnom zakoniku Crne Gore predstavlja krivi\u010dno delo koje mo\u017ee [&hellip;]<\/p>\n","protected":false},"author":1,"featured_media":67566,"comment_status":"closed","ping_status":"closed","sticky":false,"template":"","format":"standard","meta":{"footnotes":""},"categories":[12],"tags":[],"class_list":["post-67565","post","type-post","status-publish","format-standard","has-post-thumbnail","hentry","category-ispovijest"],"_links":{"self":[{"href":"https:\/\/vaterpolosrbija.rs\/index.php?rest_route=\/wp\/v2\/posts\/67565","targetHints":{"allow":["GET"]}}],"collection":[{"href":"https:\/\/vaterpolosrbija.rs\/index.php?rest_route=\/wp\/v2\/posts"}],"about":[{"href":"https:\/\/vaterpolosrbija.rs\/index.php?rest_route=\/wp\/v2\/types\/post"}],"author":[{"embeddable":true,"href":"https:\/\/vaterpolosrbija.rs\/index.php?rest_route=\/wp\/v2\/users\/1"}],"replies":[{"embeddable":true,"href":"https:\/\/vaterpolosrbija.rs\/index.php?rest_route=%2Fwp%2Fv2%2Fcomments&post=67565"}],"version-history":[{"count":0,"href":"https:\/\/vaterpolosrbija.rs\/index.php?rest_route=\/wp\/v2\/posts\/67565\/revisions"}],"wp:featuredmedia":[{"embeddable":true,"href":"https:\/\/vaterpolosrbija.rs\/index.php?rest_route=\/wp\/v2\/media\/67566"}],"wp:attachment":[{"href":"https:\/\/vaterpolosrbija.rs\/index.php?rest_route=%2Fwp%2Fv2%2Fmedia&parent=67565"}],"wp:term":[{"taxonomy":"category","embeddable":true,"href":"https:\/\/vaterpolosrbija.rs\/index.php?rest_route=%2Fwp%2Fv2%2Fcategories&post=67565"},{"taxonomy":"post_tag","embeddable":true,"href":"https:\/\/vaterpolosrbija.rs\/index.php?rest_route=%2Fwp%2Fv2%2Ftags&post=67565"}],"curies":[{"name":"wp","href":"https:\/\/api.w.org\/{rel}","templated":true}]}}