{"id":67556,"date":"2026-02-06T21:52:51","date_gmt":"2026-02-06T19:52:51","guid":{"rendered":"https:\/\/kvalitetvremena.com\/?p=67556"},"modified":"2026-02-06T21:52:51","modified_gmt":"2026-02-06T19:52:51","slug":"pas-je-pronasao-nesto-na-trijemu-i-otkrio-tihu-tajnu-nase-kcerke","status":"publish","type":"post","link":"https:\/\/vaterpolosrbija.rs\/?p=67556","title":{"rendered":"Pas je prona\u0161ao ne\u0161to na trijemu \u2013 i otkrio tihu tajnu na\u0161e k\u0107erke"},"content":{"rendered":"\n<p>Tri sedmice su pro\u0161le, ali \u010dinilo se kao da je vrijeme stalo. Ja sam Erin, i u \u010detrdesetoj godini nau\u010dila sam koliko tiha ku\u0107a mo\u017ee biti kada se svjetlo koje ju je ispunjavalo iznenada ugasi. Moja k\u0107erka Lily imala je deset godina \u2013 bila je radoznala, pa\u017eljiva i izuzetno nje\u017ena. Jedno ki\u0161no subotnje jutro promijenilo je sve, ostavljaju\u0107i za sobom ti\u0161inu na koju se te\u0161ko naviknuti.<\/p>\n\n\n\n<p>Ku\u0107a je bez nje djelovala pogre\u0161no. Lilina soba ostala je netaknuta; bojice su i dalje bile razbacane po stolu, pored napola obojenog suncokreta koji nikada nije zavr\u0161ila. Moj suprug Daniel i ja kretali smo se kroz dane tiho, gotovo mehani\u010dki, nose\u0107i osje\u0107aj praznine koji nije popu\u0161tao. Sve dok me jednog jutra na\u0161 pas Baxter nije izveo iz tog stanja.<\/p>\n\n\n\n<h3 class=\"wp-block-heading\">Baxterovo otkri\u0107e na trijemu<\/h3>\n\n\n\n<p>\u010cula sam uporno grebanje po vratima. Kada sam ih otvorila, Baxter je stajao na trijemu, a u ustima je pa\u017eljivo dr\u017eao ne\u0161to \u017euto. Bio je to mekani d\u017eemper sa sitnim bisernim dugmadima. Prepoznala sam ga odmah \u2014 bio je to Lilin omiljeni d\u017eemper, onaj koji je \u010desto nosila vikendom.<\/p>\n\n\n\n<p>Baxter mi ga nije \u017eelio predati. Umjesto toga, okrenuo se prema dvori\u0161tu i krenuo naprijed, stalno se osvr\u0107u\u0107i da vidi pratim li ga. Vodio me je kroz mali otvor u ogradi, sve do stare \u0161upe na ivici imanja. Unutra je mirisalo na vla\u017eno drvo i pra\u0161inu, a u jednom uglu, iza starog alata, nalazilo se otkri\u0107e koje me duboko dirnulo.<\/p>\n\n\n\n<h3 class=\"wp-block-heading\">Tajno skrovi\u0161te puno pa\u017enje<\/h3>\n\n\n\n<p>U uglu \u0161upe bilo je napravljeno malo gnijezdo od dje\u010dije odje\u0107e. Tu su bili Lilin \u0161al, dukserica i nekoliko toplih d\u017eempera. U\u0161u\u0161kana u njih le\u017eala je \u0161arena ma\u010dka sa tri mala ma\u010di\u0107a. Baxter je pa\u017eljivo spustio \u017euti d\u017eemper pored njih, a ma\u010di\u0107i su se instinktivno privili uz njega, tra\u017ee\u0107i toplinu.<\/p>\n\n\n\n<p>U tom trenutku shvatila sam da je Lily ovo radila u ti\u0161ini, daleko od pogleda. Sedmicama je dolazila ovamo, donosila hranu i vodu, i birala svoju odje\u0107u \u2014 ne stare krpe, ve\u0107 stvari koje su mirisale na dom. To je bila ona. Uvijek je primje\u0107ivala ono \u0161to bi drugi previdjeli. Baxter je, o\u010digledno, bio njen tihi pomaga\u010d.<\/p>\n\n\n\n<h3 class=\"wp-block-heading\">Novi \u017eivot i novi ritam<\/h3>\n\n\n\n<p>Nismo mogli ostaviti ma\u010dku i ma\u010di\u0107e u hladnoj \u0161upi. Unijeli smo ih u ku\u0107u i smjestili u \u010distu korpu pored fotelje u kojoj je Lily voljela sjediti. Kada ih je Daniel ugledao, prvi put nakon dugo vremena vidjela sam mu suze koje nisu bile ispunjene samo tugom, ve\u0107 i ne\u010dim mek\u0161im \u2014 zahvalno\u0161\u0107u.<\/p>\n\n\n\n<p>Odlu\u010dili smo ih zadr\u017eati. Briga o njima postala je dio na\u0161e svakodnevice. Hranjenje, \u010di\u0161\u0107enje i posmatranje njihovog rasta donijeli su novi ritam u na\u0161 dom. Baxter je preuzeo ulogu \u010duvara, uvijek u blizini. Iako bol nije nestala, ku\u0107a vi\u0161e nije bila ispunjena samo ti\u0161inom, ve\u0107 i tihim znakovima \u017eivota.<\/p>\n\n\n\n<p>Gubitak djeteta trajno promijeni \u010dovjeka, ali Lily nam je ostavila ne\u0161to dragocjeno \u2014 podsjetnik da pa\u017enja i dobrota mogu \u017eivjeti i nakon odlaska. Danas, dok gledam ma\u010dku koju smo nazvali Sunny i njene ma\u010di\u0107e, znam da sje\u0107anje na Lily nije vezano samo za tugu, ve\u0107 i za ljubaznost koju je ostavila za sobom.<\/p>\n","protected":false},"excerpt":{"rendered":"<p>Tri sedmice su pro\u0161le, ali \u010dinilo se kao da je vrijeme stalo. Ja sam Erin, i u \u010detrdesetoj godini nau\u010dila sam koliko tiha ku\u0107a mo\u017ee biti kada se svjetlo koje ju je ispunjavalo iznenada ugasi. Moja k\u0107erka Lily imala je deset godina \u2013 bila je radoznala, pa\u017eljiva i izuzetno nje\u017ena. Jedno ki\u0161no subotnje jutro promijenilo [&hellip;]<\/p>\n","protected":false},"author":1,"featured_media":67557,"comment_status":"closed","ping_status":"closed","sticky":false,"template":"","format":"standard","meta":{"footnotes":""},"categories":[12],"tags":[],"class_list":["post-67556","post","type-post","status-publish","format-standard","has-post-thumbnail","hentry","category-ispovijest"],"_links":{"self":[{"href":"https:\/\/vaterpolosrbija.rs\/index.php?rest_route=\/wp\/v2\/posts\/67556","targetHints":{"allow":["GET"]}}],"collection":[{"href":"https:\/\/vaterpolosrbija.rs\/index.php?rest_route=\/wp\/v2\/posts"}],"about":[{"href":"https:\/\/vaterpolosrbija.rs\/index.php?rest_route=\/wp\/v2\/types\/post"}],"author":[{"embeddable":true,"href":"https:\/\/vaterpolosrbija.rs\/index.php?rest_route=\/wp\/v2\/users\/1"}],"replies":[{"embeddable":true,"href":"https:\/\/vaterpolosrbija.rs\/index.php?rest_route=%2Fwp%2Fv2%2Fcomments&post=67556"}],"version-history":[{"count":0,"href":"https:\/\/vaterpolosrbija.rs\/index.php?rest_route=\/wp\/v2\/posts\/67556\/revisions"}],"wp:featuredmedia":[{"embeddable":true,"href":"https:\/\/vaterpolosrbija.rs\/index.php?rest_route=\/wp\/v2\/media\/67557"}],"wp:attachment":[{"href":"https:\/\/vaterpolosrbija.rs\/index.php?rest_route=%2Fwp%2Fv2%2Fmedia&parent=67556"}],"wp:term":[{"taxonomy":"category","embeddable":true,"href":"https:\/\/vaterpolosrbija.rs\/index.php?rest_route=%2Fwp%2Fv2%2Fcategories&post=67556"},{"taxonomy":"post_tag","embeddable":true,"href":"https:\/\/vaterpolosrbija.rs\/index.php?rest_route=%2Fwp%2Fv2%2Ftags&post=67556"}],"curies":[{"name":"wp","href":"https:\/\/api.w.org\/{rel}","templated":true}]}}