{"id":67512,"date":"2026-02-05T19:55:15","date_gmt":"2026-02-05T17:55:15","guid":{"rendered":"https:\/\/kvalitetvremena.com\/?p=67512"},"modified":"2026-02-05T19:55:15","modified_gmt":"2026-02-05T17:55:15","slug":"sabina-cudic-iz-americkog-kongresa-poruke-zvanicnika-o-bosni-i-hercegovini-rs-i-regionu","status":"publish","type":"post","link":"https:\/\/vaterpolosrbija.rs\/?p=67512","title":{"rendered":"Sabina \u0106udi\u0107 iz ameri\u010dkog Kongresa: Poruke zvani\u010dnika o Bosni i Hercegovini, RS i regionu"},"content":{"rendered":"\n<p>Sabina \u0106udi\u0107 oglasila se iz Sjedinjenih Ameri\u010dkih Dr\u017eava, gdje boravi u okviru radnih sastanaka u ameri\u010dkom Kongresu. Kako je navela, tokom posjete imala je niz razgovora sa ameri\u010dkim zvani\u010dnicima o aktuelnim politi\u010dkim temama koje se odnose na Zapadni Balkan, Bosnu i Hercegovinu, kao i odnose u regionu.<\/p>\n\n\n\n<p>U obra\u0107anju javnosti istakla je da su njeni sastanci bili fokusirani na parlamentarnu saradnju i razmjenu stavova sa predstavnicima ameri\u010dkih institucija. Prema njenim rije\u010dima, razgovori su vo\u0111eni u radnoj i otvorenoj atmosferi, uz jasne poruke o interesima Sjedinjenih Ameri\u010dkih Dr\u017eava na Balkanu.<\/p>\n\n\n\n<p>Poruke iz ameri\u010dkog Kongresa<br>\u0106udi\u0107 je naglasila da su ameri\u010dki sagovornici posebno isticali zna\u010daj evropskih i evroatlantskih integracija regiona, uklju\u010duju\u0107i Bosnu i Hercegovinu. Prema njenom tuma\u010denju razgovora, ameri\u010dki zvani\u010dnici smatraju da stabilnost Zapadnog Balkana ostaje va\u017ean spoljnopoliti\u010dki interes Sjedinjenih Ameri\u010dkih Dr\u017eava.<\/p>\n\n\n\n<p>U tom kontekstu, kako je navela, tokom sastanaka se govorilo i o ulozi pojedinih zemalja u regionu, kao i o politi\u010dkim izazovima koji, prema mi\u0161ljenju njenih sagovornika, mogu uticati na stabilnost i saradnju me\u0111u dr\u017eavama Zapadnog Balkana.<\/p>\n\n\n\n<p>Stavovi o Republici Srpskoj i regionalnim odnosima<br>Prema rije\u010dima Sabine \u0106udi\u0107, u razgovorima je bilo rije\u010di i o postupcima odre\u0111enih politi\u010dkih aktera iz Republike Srpske. Ona tvrdi da su ameri\u010dki zvani\u010dnici upoznati sa, kako je opisala, poku\u0161ajima destabilizacije Bosne i Hercegovine, te da pa\u017eljivo prate politi\u010dka de\u0161avanja u zemlji i regionu.<\/p>\n\n\n\n<p>Tako\u0111e je istakla da se, prema njenim navodima, u Kongresu razgovaralo i o ulozi Srbije u regionalnim odnosima, pri \u010demu su iznesene ocjene koje se ti\u010du bezbjednosti i politi\u010dke stabilnosti Zapadnog Balkana. Naglasila je da su to stavovi koje su iznijeli njeni sagovornici tokom sastanaka.<\/p>\n\n\n\n<p>Radna posjeta i politi\u010dki dijalog<br>\u0106udi\u0107 je poru\u010dila da njen boravak u Va\u0161ingtonu vidi kao dio odgovornog politi\u010dkog anga\u017emana i dijaloga sa me\u0111unarodnim partnerima. Prema njenim rije\u010dima, cilj ovakvih susreta je razmjena informacija, ja\u010danje saradnje i jasno predstavljanje politi\u010dke situacije u Bosni i Hercegovini pred me\u0111unarodnim institucijama.<\/p>\n\n\n\n<p>Na kraju je istakla da smatra va\u017enim da se glas iz Bosne i Hercegovine \u010duje u institucijama koje imaju zna\u010dajan uticaj na globalnu politiku, te da \u0107e i u budu\u0107nosti nastaviti sli\u010dne aktivnosti u okviru me\u0111unarodne parlamentarne saradnje.<\/p>\n\n\n\n<p>Napomena<br>Izneseni stavovi i ocjene predstavljaju izjave Sabine \u0106udi\u0107 i njen do\u017eivljaj razgovora sa ameri\u010dkim zvani\u010dnicima, te ih treba posmatrati u tom kontekstu.<\/p>\n","protected":false},"excerpt":{"rendered":"<p>Sabina \u0106udi\u0107 oglasila se iz Sjedinjenih Ameri\u010dkih Dr\u017eava, gdje boravi u okviru radnih sastanaka u ameri\u010dkom Kongresu. Kako je navela, tokom posjete imala je niz razgovora sa ameri\u010dkim zvani\u010dnicima o aktuelnim politi\u010dkim temama koje se odnose na Zapadni Balkan, Bosnu i Hercegovinu, kao i odnose u regionu. U obra\u0107anju javnosti istakla je da su njeni [&hellip;]<\/p>\n","protected":false},"author":1,"featured_media":67513,"comment_status":"closed","ping_status":"closed","sticky":false,"template":"","format":"standard","meta":{"footnotes":""},"categories":[10],"tags":[],"class_list":["post-67512","post","type-post","status-publish","format-standard","has-post-thumbnail","hentry","category-zanimljivosti"],"_links":{"self":[{"href":"https:\/\/vaterpolosrbija.rs\/index.php?rest_route=\/wp\/v2\/posts\/67512","targetHints":{"allow":["GET"]}}],"collection":[{"href":"https:\/\/vaterpolosrbija.rs\/index.php?rest_route=\/wp\/v2\/posts"}],"about":[{"href":"https:\/\/vaterpolosrbija.rs\/index.php?rest_route=\/wp\/v2\/types\/post"}],"author":[{"embeddable":true,"href":"https:\/\/vaterpolosrbija.rs\/index.php?rest_route=\/wp\/v2\/users\/1"}],"replies":[{"embeddable":true,"href":"https:\/\/vaterpolosrbija.rs\/index.php?rest_route=%2Fwp%2Fv2%2Fcomments&post=67512"}],"version-history":[{"count":0,"href":"https:\/\/vaterpolosrbija.rs\/index.php?rest_route=\/wp\/v2\/posts\/67512\/revisions"}],"wp:featuredmedia":[{"embeddable":true,"href":"https:\/\/vaterpolosrbija.rs\/index.php?rest_route=\/wp\/v2\/media\/67513"}],"wp:attachment":[{"href":"https:\/\/vaterpolosrbija.rs\/index.php?rest_route=%2Fwp%2Fv2%2Fmedia&parent=67512"}],"wp:term":[{"taxonomy":"category","embeddable":true,"href":"https:\/\/vaterpolosrbija.rs\/index.php?rest_route=%2Fwp%2Fv2%2Fcategories&post=67512"},{"taxonomy":"post_tag","embeddable":true,"href":"https:\/\/vaterpolosrbija.rs\/index.php?rest_route=%2Fwp%2Fv2%2Ftags&post=67512"}],"curies":[{"name":"wp","href":"https:\/\/api.w.org\/{rel}","templated":true}]}}