{"id":67500,"date":"2026-02-05T12:49:38","date_gmt":"2026-02-05T10:49:38","guid":{"rendered":"https:\/\/kvalitetvremena.com\/?p=67500"},"modified":"2026-02-05T12:49:38","modified_gmt":"2026-02-05T10:49:38","slug":"jedan-gest-dobrote-na-autoputu-koji-mi-je-promenio-zivot","status":"publish","type":"post","link":"https:\/\/vaterpolosrbija.rs\/?p=67500","title":{"rendered":"Jedan gest dobrote na autoputu koji mi je promenio \u017eivot"},"content":{"rendered":"\n<p>Padala je hladna ki\u0161a, asfalt je blistao pod svetlom uli\u010dnih lampi, a vetar je \u0161ibao lice. Bio sam sam na autoputu, voze\u0107i svoj stari Ford, preokupiran brigama kako \u0107u pre\u017eiveti do kraja meseca. Zovem se Danijel, imam 28 godina, bez posla i bez jasnog plana. Sve u meni bilo je napeto \u2013 i misli i telo.<\/p>\n\n\n\n<p>Tada sam ugledao stariji svetli Buick na ivici puta. Pored njega je stajao stariji mu\u0161karac, ruke su mu drhtale dok je poku\u0161avao da odvrne matice na to\u010dku. Automobili su jurili pored, niko nije usporio. U jednom trenutku, \u010dovek se okliznuo i skoro zakora\u010dio na traku kojom su prolazila vozila. Ne\u0161to se prelomilo u meni. Stao sam, iza\u0161ao iz auta i pri\u0161ao mu.<\/p>\n\n\n\n<h3 class=\"wp-block-heading\">Suo\u010davanje sa izazovom<\/h3>\n\n\n\n<p>\u201eU\u0111ite u auto, ja \u0107u\u201c \u2013 rekao sam mu, dok su mu ruke drhtale. Spustio sam se na mokar asfalt i po\u010deo da radim. Matice su bile zako\u010dene, ali uz dodatak poluge i upornosti, to\u010dak je popustio. Bio je to naporan posao \u2013 ruke su mi se crnile od prljav\u0161tine, odelo se lepilo od ki\u0161e, ali nakon nekoliko minuta, zadatak je bio zavr\u0161en.<\/p>\n\n\n\n<p>Kada sam zavr\u0161io, \u010dovek je izvadio nov\u010danik i ponudio mi novac. Odmahno sam glavom \u2013 nije mi bio cilj novac. Samo sam \u017eeleo da mu pomognem. Tada sam rekao svoje ime i prezime, otkriv\u0161i mu da sam nezaposleni aerokosmi\u010dki in\u017eenjer. Njegov pogled je na trenutak postao dubok, kao da je shvatio ne\u0161to ve\u0107e u mojoj pri\u010di.<\/p>\n\n\n\n<h3 class=\"wp-block-heading\">Nepredvi\u0111ene posledice jednog gest\u0430<\/h3>\n\n\n\n<p>Pozdravili smo se, i krenuo sam dalje, misle\u0107i da je to bila sitnica. Nedelju dana kasnije, mama me je pozvala uplakana i uzbu\u0111ena: \u201eUklju\u010di televizor! Prikazuju te na televiziji!\u201c<\/p>\n\n\n\n<p>Bio sam \u0161okiran. Video je kru\u017eio na internetu i televiziji \u2013 snimak kako poma\u017eem starijem paru na autoputu, pod ki\u0161om. Naslovi su isticali moj gest dobrote, a ubrzo su stigle i prve poslovne ponude. Pet razli\u010ditih ljudi kontaktiralo me je za saradnju i projekte. Odjednom, ono \u0161to je izgledalo kao obi\u010dan, neva\u017ean trenutak, otvorilo mi je vrata koja nisam ni slutio.<\/p>\n\n\n\n<h3 class=\"wp-block-heading\">Lekcije koje mo\u017eemo nau\u010diti<\/h3>\n\n\n\n<ol class=\"wp-block-list\">\n<li><strong>Male stvari imaju veliki zna\u010daj<\/strong> \u2013 Gestovi koji deluju bezna\u010dajno mogu promeniti ne\u010diji dan, pa \u010dak i \u017eivot.<\/li>\n\n\n\n<li><strong>Dobrota bez o\u010dekivanja se vra\u0107a<\/strong> \u2013 Kada \u010dinimo dobro bez da tra\u017eimo nagradu, svet to prime\u0107uje na na\u010dine koje ne mo\u017eemo predvideti.<\/li>\n\n\n\n<li><strong>Odva\u017enost u pravom trenutku<\/strong> \u2013 Suo\u010davanje sa izazovom, iako neplanirano, mo\u017ee otvoriti nove prilike i putove.<\/li>\n\n\n\n<li><strong>Autenti\u010dnost i iskrenost<\/strong> \u2013 Biti otvoren i iskren prema ljudima koje poma\u017eemo stvara nevidljive veze koje ostaju trajne.<\/li>\n<\/ol>\n\n\n\n<h3 class=\"wp-block-heading\">Zaklju\u010dak<\/h3>\n\n\n\n<p>Taj dan, na mokrom asfaltu, nisam tra\u017eio ni priznanje ni novac. Samo sam \u017eeleo da pomognem. Ipak, upravo taj jednostavan, iskren gest promenio je moj \u017eivot \u2013 otvorio vrata ka novim prilikama, poslao poruku o va\u017enosti dobrote i podsetio me da su mali, nesebi\u010dni izbori \u010desto najmo\u0107niji.<\/p>\n\n\n\n<p>Ako ikada budete u dilemi da li da stanete i pomognete, u\u010dinite to. Mo\u017eda ne\u0107e biti kamera, mo\u017eda ne\u0107e biti nagrada, ali u\u010dinili ste pravu stvar \u2013 i to je ono \u0161to svet zaista pamti.<\/p>\n","protected":false},"excerpt":{"rendered":"<p>Padala je hladna ki\u0161a, asfalt je blistao pod svetlom uli\u010dnih lampi, a vetar je \u0161ibao lice. Bio sam sam na autoputu, voze\u0107i svoj stari Ford, preokupiran brigama kako \u0107u pre\u017eiveti do kraja meseca. Zovem se Danijel, imam 28 godina, bez posla i bez jasnog plana. Sve u meni bilo je napeto \u2013 i misli i [&hellip;]<\/p>\n","protected":false},"author":1,"featured_media":67501,"comment_status":"closed","ping_status":"closed","sticky":false,"template":"","format":"standard","meta":{"footnotes":""},"categories":[10],"tags":[],"class_list":["post-67500","post","type-post","status-publish","format-standard","has-post-thumbnail","hentry","category-zanimljivosti"],"_links":{"self":[{"href":"https:\/\/vaterpolosrbija.rs\/index.php?rest_route=\/wp\/v2\/posts\/67500","targetHints":{"allow":["GET"]}}],"collection":[{"href":"https:\/\/vaterpolosrbija.rs\/index.php?rest_route=\/wp\/v2\/posts"}],"about":[{"href":"https:\/\/vaterpolosrbija.rs\/index.php?rest_route=\/wp\/v2\/types\/post"}],"author":[{"embeddable":true,"href":"https:\/\/vaterpolosrbija.rs\/index.php?rest_route=\/wp\/v2\/users\/1"}],"replies":[{"embeddable":true,"href":"https:\/\/vaterpolosrbija.rs\/index.php?rest_route=%2Fwp%2Fv2%2Fcomments&post=67500"}],"version-history":[{"count":0,"href":"https:\/\/vaterpolosrbija.rs\/index.php?rest_route=\/wp\/v2\/posts\/67500\/revisions"}],"wp:featuredmedia":[{"embeddable":true,"href":"https:\/\/vaterpolosrbija.rs\/index.php?rest_route=\/wp\/v2\/media\/67501"}],"wp:attachment":[{"href":"https:\/\/vaterpolosrbija.rs\/index.php?rest_route=%2Fwp%2Fv2%2Fmedia&parent=67500"}],"wp:term":[{"taxonomy":"category","embeddable":true,"href":"https:\/\/vaterpolosrbija.rs\/index.php?rest_route=%2Fwp%2Fv2%2Fcategories&post=67500"},{"taxonomy":"post_tag","embeddable":true,"href":"https:\/\/vaterpolosrbija.rs\/index.php?rest_route=%2Fwp%2Fv2%2Ftags&post=67500"}],"curies":[{"name":"wp","href":"https:\/\/api.w.org\/{rel}","templated":true}]}}