{"id":67494,"date":"2026-02-05T12:26:37","date_gmt":"2026-02-05T10:26:37","guid":{"rendered":"https:\/\/kvalitetvremena.com\/?p=67494"},"modified":"2026-02-05T12:26:37","modified_gmt":"2026-02-05T10:26:37","slug":"kada-dostojanstvo-nadjaca-predrasude-govor-koji-je-promijenio-jedno-vjencanje","status":"publish","type":"post","link":"https:\/\/vaterpolosrbija.rs\/?p=67494","title":{"rendered":"Kada dostojanstvo nadja\u010da predrasude: govor koji je promijenio jedno vjen\u010danje"},"content":{"rendered":"\n<p>U ovom blog postu donosimo sna\u017enu i emotivnu pri\u010du o po\u0161tenom radu, roditeljskoj ljubavi i dostojanstvu koje ne zavisi od titula, novca ili dru\u0161tvenog statusa. Ovo je pri\u010da koja podsje\u0107a da istinska vrijednost \u010dovjeka uvijek prona\u0111e put do istine, \u010dak i onda kada je poku\u0161avaju potisnuti predrasude.<\/p>\n\n\n\n<p>Otac me je odgajao sam nakon \u0161to mi je majka umrla. Bio je i majka i otac, oslonac i za\u0161tita. Radio je te\u017eak posao komunalnog radnika, posao koji mnogi ne primje\u0107uju dok je sve \u010disto i uredno, ali ga brzo kritikuju kada ne\u0161to ne valja. Nikada se nije \u017ealio. Iako nismo imali mnogo, nikada nisam bila gladna, promrzla niti li\u0161ena ljubavi. Za mene je on uvijek bio heroj, bez obzira na to kako su ga drugi gledali.<\/p>\n\n\n\n<p>Na dan mog vjen\u010danja, dok me je grlio i govorio da sam njegova princeza, pri\u0161li su nam roditelji mog budu\u0107eg mu\u017ea. Njihove rije\u010di bile su hladne i odmjerene. Rekli su da bi bilo prikladnije da moj otac napusti slavlje, jer bi se neki gosti i poslovni partneri mogli osje\u0107ati nelagodno u njegovom prisustvu. U tom trenutku u meni su se sudarili bijes, sram i bol. Bila sam spremna da reagujem, da prekinem slavlje, da za\u0161titim \u010dovjeka koji me cijeli \u017eivot \u0161titio.<\/p>\n\n\n\n<p>Moj otac me je samo tiho stisnuo za ruku. Smireno je rekao da razumije, ali je zamolio da prije odlaska ka\u017ee zdravicu. Kada je stao za mikrofon, u sali je nastala ti\u0161ina. Lica mojih svekra i svekrve naglo su problijedila, kao da su shvatili da gube kontrolu nad situacijom.<\/p>\n\n\n\n<p>Govorio je polako i mirno, bez gor\u010dine. Predstavio se i rekao da ve\u0107 trideset i pet godina radi kao komunalni radnik. Ispri\u010dao je kako ustaje prije svitanja i kako je navikao na te\u017einu posla koji drugi izbjegavaju. Rekao je da zna da njegov posao ne izgleda impresivno na papiru, ali da je upravo tim radom odgojio k\u0107erku na koju je neizmjerno ponosan. Sala je bila potpuno tiha.<\/p>\n\n\n\n<p>Zatim je spomenuo moju majku, svoju suprugu, koja je umrla mlada. Rekao je da je tada sebi obe\u0107ao da mi nikada ne\u0107e nedostajati ljubavi, sigurnosti i osje\u0107aja doma. Govorio je o umoru, o dugim no\u0107ima i o tome kako bi, bez obzira na iscrpljenost, sjedio pored mog kreveta dok ne zaspim. Nije tra\u017eio sa\u017ealjenje, samo je govorio istinu.<\/p>\n\n\n\n<p>Pogledao je prema mojim svekru i svekrvi i rekao da razumije njihovu brigu za ugled i status, ali da se pita kakav je ugled onoga ko se stidi po\u0161tenog rada. Ta re\u010denica je promijenila atmosferu u sali. Ljudi su se pogledavali, neki su spu\u0161tali pogled, drugi su klimali glavom.<\/p>\n\n\n\n<p>Moj otac je rekao da nikada nije te\u017eio bogatstvu, ve\u0107 dostojanstvu. Da nije sramota \u010distiti grad, ve\u0107 gaziti ljude. Na kraju se okrenuo prema meni i rekao da sam ja dokaz da \u010dovjeka ne odre\u0111uje posao koji radi, ve\u0107 vrijednosti koje \u017eivi. Tada su mi suze same krenule.<\/p>\n\n\n\n<p>Moj suprug je stajao pored mene, ponosan i \u010dvrst. Njegovi roditelji vi\u0161e nisu imali \u0161ta da ka\u017eu. Kada je moj otac zavr\u0161io govor i rekao da je do\u0161ao samo da proslavi moju sre\u0107u, cijela sala je ustala. Aplauz je bio dug i iskren. Ljudi koji su ga ranije gledali s visine sada su mu prilazili, pru\u017eali ruku i zahvaljivali mu na lekciji koju, kako su rekli, ne\u0107e zaboraviti.<\/p>\n\n\n\n<p>Vjen\u010danje se nastavilo u potpuno druga\u010dijem tonu. Atmosfera je postala toplija i ljudskija. Moj otac je ostao do kraja, plesao sa mnom i smijao se oslobo\u0111eno, kao da je skinuo teret koji je godinama nosio.<\/p>\n\n\n\n<p>Kasnije mi je rekao da nije imao plan, ve\u0107 samo osje\u0107aj da ne smije oti\u0107i pognute glave. Znao je da ima istinu i dostojanstvo, i da je to dovoljno.<\/p>\n\n\n\n<p>Ova pri\u010da podsje\u0107a da se prava vrijednost \u010dovjeka ne mjeri odijelima, titulama ili statusom, ve\u0107 na\u010dinom na koji \u017eivi, voli i stoji uspravno pred nepravdom. Dostojanstvo, kada se izgovori mirno i iskreno, ima snagu da promijeni cijelu prostoriju.<\/p>\n","protected":false},"excerpt":{"rendered":"<p>U ovom blog postu donosimo sna\u017enu i emotivnu pri\u010du o po\u0161tenom radu, roditeljskoj ljubavi i dostojanstvu koje ne zavisi od titula, novca ili dru\u0161tvenog statusa. Ovo je pri\u010da koja podsje\u0107a da istinska vrijednost \u010dovjeka uvijek prona\u0111e put do istine, \u010dak i onda kada je poku\u0161avaju potisnuti predrasude. Otac me je odgajao sam nakon \u0161to mi [&hellip;]<\/p>\n","protected":false},"author":1,"featured_media":67495,"comment_status":"closed","ping_status":"closed","sticky":false,"template":"","format":"standard","meta":{"footnotes":""},"categories":[10],"tags":[],"class_list":["post-67494","post","type-post","status-publish","format-standard","has-post-thumbnail","hentry","category-zanimljivosti"],"_links":{"self":[{"href":"https:\/\/vaterpolosrbija.rs\/index.php?rest_route=\/wp\/v2\/posts\/67494","targetHints":{"allow":["GET"]}}],"collection":[{"href":"https:\/\/vaterpolosrbija.rs\/index.php?rest_route=\/wp\/v2\/posts"}],"about":[{"href":"https:\/\/vaterpolosrbija.rs\/index.php?rest_route=\/wp\/v2\/types\/post"}],"author":[{"embeddable":true,"href":"https:\/\/vaterpolosrbija.rs\/index.php?rest_route=\/wp\/v2\/users\/1"}],"replies":[{"embeddable":true,"href":"https:\/\/vaterpolosrbija.rs\/index.php?rest_route=%2Fwp%2Fv2%2Fcomments&post=67494"}],"version-history":[{"count":0,"href":"https:\/\/vaterpolosrbija.rs\/index.php?rest_route=\/wp\/v2\/posts\/67494\/revisions"}],"wp:featuredmedia":[{"embeddable":true,"href":"https:\/\/vaterpolosrbija.rs\/index.php?rest_route=\/wp\/v2\/media\/67495"}],"wp:attachment":[{"href":"https:\/\/vaterpolosrbija.rs\/index.php?rest_route=%2Fwp%2Fv2%2Fmedia&parent=67494"}],"wp:term":[{"taxonomy":"category","embeddable":true,"href":"https:\/\/vaterpolosrbija.rs\/index.php?rest_route=%2Fwp%2Fv2%2Fcategories&post=67494"},{"taxonomy":"post_tag","embeddable":true,"href":"https:\/\/vaterpolosrbija.rs\/index.php?rest_route=%2Fwp%2Fv2%2Ftags&post=67494"}],"curies":[{"name":"wp","href":"https:\/\/api.w.org\/{rel}","templated":true}]}}