{"id":67492,"date":"2026-02-05T12:22:44","date_gmt":"2026-02-05T10:22:44","guid":{"rendered":"https:\/\/kvalitetvremena.com\/?p=67492"},"modified":"2026-02-05T12:22:44","modified_gmt":"2026-02-05T10:22:44","slug":"kada-se-radost-pretvori-u-tisinu-majcina-potraga-za-istinom-nakon-gubitka-kceri","status":"publish","type":"post","link":"https:\/\/vaterpolosrbija.rs\/?p=67492","title":{"rendered":"Kada se radost pretvori u ti\u0161inu: maj\u010dina potraga za istinom nakon gubitka k\u0107eri"},"content":{"rendered":"\n<p>U ovom blog postu donosimo potresnu, ali i pou\u010dnu pri\u010du o gubitku, sumnji i snazi roditeljskog instinkta. Ovo nije pri\u010da o optu\u017eivanju, ve\u0107 o pitanjima koja ostaju kada obja\u0161njenja nisu dovoljna i kada se majka suo\u010di s prazninom koju nijedna rije\u010d ne mo\u017ee ispuniti.<\/p>\n\n\n\n<p>\u017divot jedne majke zauvijek se promijenio onog jutra kada je primila poziv iz bolnice. Njena k\u0107i Amanda, mlada \u017eena puna energije i planova, preminula je samo nekoliko sati nakon prve bra\u010dne no\u0107i. Lije\u010dnici su kao uzrok smrti naveli respiratorni zastoj. Smiren ton medicinskog osoblja nije donio utjehu, ve\u0107 dodatnu zbunjenost. Amanda je bila zdrava, aktivna i fizi\u010dki sna\u017ena. Bavila se sportom, tr\u010dala maratone i planinarila. Nije imala zdravstvenih problema koji bi upu\u0107ivali na iznenadnu smrt.<\/p>\n\n\n\n<p>Dan prije vjen\u010danja bila je sretna. Smijala se, planirala i majci tiho rekla da joj sprema iznena\u0111enje. Ni\u0161ta nije ukazivalo na strah ili nelagodu. Upravo zato, slu\u017ebeno obja\u0161njenje nije se uklapalo u sliku k\u0107eri kakvu je majka poznavala cijeli \u017eivot.<\/p>\n\n\n\n<p>Na dan kada je vidjela zeta Marcusa u bolnici, majka je prvi put osjetila nelagodu. Bio je potresen, ali njegove emocije djelovale su neuskla\u0111eno s tragedijom. Dok je sjedio u kutu sobe, plakao je, ali bez rije\u010di koje bi majka o\u010dekivala od \u010dovjeka koji je upravo izgubio suprugu. Na njegovim rukama primijetila je svje\u017ee ogrebotine. Obja\u0161njenje o susjedovoj ma\u010dki nije imalo smisla, jer je Amanda bila alergi\u010dna na ma\u010dke i izbjegavala ih je.<\/p>\n\n\n\n<p>S vremenom su se pitanja samo gomilala. Obitelj Marcusa bila je ugledna i utjecajna u gradu, a cijela situacija brzo je stavljena pod kontrolu. Ljudi su po\u010deli govoriti kako je Amanda bila krhka i osjetljiva, iako je istina bila sasvim suprotna. Majka je osje\u0107ala da se njezina k\u0107i svodi na pogre\u0161nu sliku, kao da se tra\u017ei obja\u0161njenje koje \u0107e sve brzo zatvoriti.<\/p>\n\n\n\n<p>Nekoliko dana nakon sprovoda, majka je oti\u0161la u stan u kojem su Amanda i Marcus \u017eivjeli. \u017deljela je uzeti nekoliko uspomena, sitnice koje bi joj pomogle da pre\u017eivi dane bez k\u0107eri. Tamo je prona\u0161la bijelu \u010dipkastu spava\u0107icu, pa\u017eljivo spremljenu, ali poderanu i zamrljanu. Taj prizor nije donio odgovore, ve\u0107 nova pitanja. Kada je pitala Marcusa o tome, dobila je nejasno i proturje\u010dno obja\u0161njenje o nesre\u0107i.<\/p>\n\n\n\n<p>U tom trenutku, majka je shvatila da njezina tuga vi\u0161e nije samo bol zbog gubitka, ve\u0107 i teret neizvjesnosti. Nije tra\u017eila osvetu, niti je \u017eeljela donositi preuranjene zaklju\u010dke. Tra\u017eila je istinu. Za sebe, za sje\u0107anje na Amandu i za mir koji mo\u017ee do\u0107i tek kada se sva pitanja postave na stol.<\/p>\n\n\n\n<p>Ova pri\u010da otvara va\u017enu temu o tome koliko je va\u017eno slu\u0161ati vlastiti instinkt, ali i postupati razborito. U situacijama gubitka, prirodno je tra\u017eiti smisao i odgovore. Istovremeno, va\u017eno je osloniti se na institucije, stru\u010dnjake i zakonite puteve kako bi se istina rasvijetlila bez dodatne \u0161tete.<\/p>\n\n\n\n<p>Za roditelje koji su izgubili dijete, tuga ne prolazi brzo niti jednostavno. Ona se mijenja, ali ostaje prisutna. Razgovor, podr\u0161ka bliskih ljudi i tra\u017eenje stru\u010dne pomo\u0107i mogu biti klju\u010dni koraci u procesu suo\u010davanja s gubitkom. Potraga za istinom, kada postoji sumnja, tako\u0111er je dio tog procesa, jer donosi osje\u0107aj da je u\u010dinjeno sve \u0161to je bilo mogu\u0107e.<\/p>\n\n\n\n<p>Ova pri\u010da nas podsje\u0107a da iza svake slu\u017ebene dijagnoze stoji ljudski \u017eivot i obitelj koja tra\u017ei smisao. Ponekad odgovori dolaze sporo, ali dostojanstvena i strpljiva potraga za istinom mo\u017ee biti jedini put prema unutarnjem miru.<\/p>\n","protected":false},"excerpt":{"rendered":"<p>U ovom blog postu donosimo potresnu, ali i pou\u010dnu pri\u010du o gubitku, sumnji i snazi roditeljskog instinkta. Ovo nije pri\u010da o optu\u017eivanju, ve\u0107 o pitanjima koja ostaju kada obja\u0161njenja nisu dovoljna i kada se majka suo\u010di s prazninom koju nijedna rije\u010d ne mo\u017ee ispuniti. \u017divot jedne majke zauvijek se promijenio onog jutra kada je primila [&hellip;]<\/p>\n","protected":false},"author":1,"featured_media":67487,"comment_status":"closed","ping_status":"closed","sticky":false,"template":"","format":"standard","meta":{"footnotes":""},"categories":[10],"tags":[],"class_list":["post-67492","post","type-post","status-publish","format-standard","has-post-thumbnail","hentry","category-zanimljivosti"],"_links":{"self":[{"href":"https:\/\/vaterpolosrbija.rs\/index.php?rest_route=\/wp\/v2\/posts\/67492","targetHints":{"allow":["GET"]}}],"collection":[{"href":"https:\/\/vaterpolosrbija.rs\/index.php?rest_route=\/wp\/v2\/posts"}],"about":[{"href":"https:\/\/vaterpolosrbija.rs\/index.php?rest_route=\/wp\/v2\/types\/post"}],"author":[{"embeddable":true,"href":"https:\/\/vaterpolosrbija.rs\/index.php?rest_route=\/wp\/v2\/users\/1"}],"replies":[{"embeddable":true,"href":"https:\/\/vaterpolosrbija.rs\/index.php?rest_route=%2Fwp%2Fv2%2Fcomments&post=67492"}],"version-history":[{"count":0,"href":"https:\/\/vaterpolosrbija.rs\/index.php?rest_route=\/wp\/v2\/posts\/67492\/revisions"}],"wp:featuredmedia":[{"embeddable":true,"href":"https:\/\/vaterpolosrbija.rs\/index.php?rest_route=\/wp\/v2\/media\/67487"}],"wp:attachment":[{"href":"https:\/\/vaterpolosrbija.rs\/index.php?rest_route=%2Fwp%2Fv2%2Fmedia&parent=67492"}],"wp:term":[{"taxonomy":"category","embeddable":true,"href":"https:\/\/vaterpolosrbija.rs\/index.php?rest_route=%2Fwp%2Fv2%2Fcategories&post=67492"},{"taxonomy":"post_tag","embeddable":true,"href":"https:\/\/vaterpolosrbija.rs\/index.php?rest_route=%2Fwp%2Fv2%2Ftags&post=67492"}],"curies":[{"name":"wp","href":"https:\/\/api.w.org\/{rel}","templated":true}]}}