{"id":67484,"date":"2026-02-04T22:07:46","date_gmt":"2026-02-04T20:07:46","guid":{"rendered":"https:\/\/kvalitetvremena.com\/?p=67484"},"modified":"2026-02-04T22:07:46","modified_gmt":"2026-02-04T20:07:46","slug":"nestabilno-vreme-nad-srbijom-vetar-kisa-ledeni-dani-i-sneg-u-pojedinim-krajevima","status":"publish","type":"post","link":"https:\/\/vaterpolosrbija.rs\/?p=67484","title":{"rendered":"Nestabilno vreme nad Srbijom: vetar, ki\u0161a, ledeni dani i sneg u pojedinim krajevima"},"content":{"rendered":"\n<p>Srbija se ovih dana suo\u010dava sa izrazito promenljivim i nestabilnim vremenskim uslovima, koji u pojedinim delovima zemlje donose i ozbiljne pote\u0161ko\u0107e. Iako \u0107e u ve\u0107em delu zemlje temperature kratkotrajno porasti, vremenski kontrasti bi\u0107e izra\u017eeni, uz jak vetar, padavine i lokalno veoma nepovoljne prilike.<\/p>\n\n\n\n<h3 class=\"wp-block-heading\">Dana\u0161nje vreme: toplije, ali vetrovito<\/h3>\n\n\n\n<p>Prema podacima nadle\u017enih meteorolo\u0161kih slu\u017ebi, danas \u0107e u Srbiji preovla\u0111ivati umereno do potpuno obla\u010dno vreme. Jutarnje temperature bi\u0107e oko nule, dok \u0107e se tokom dana kretati izme\u0111u 10 i 14 stepeni u ve\u0107ini krajeva.<\/p>\n\n\n\n<p>Ipak, subjektivni ose\u0107aj toplote bi\u0107e umanjen zbog vetra. U ko\u0161avskom podru\u010dju, kao i u planinskim predelima, duva\u0107e umeren do jak jugoisto\u010dni vetar, dok se u ju\u017enom Banatu i donjem Podunavlju o\u010dekuju i olujni udari. Padavine \u0107e biti retke i kratkotrajne, uglavnom u vidu slabe ki\u0161e ili prolaznih pljuskova.<\/p>\n\n\n\n<h3 class=\"wp-block-heading\">Najte\u017ea situacija na istoku zemlje<\/h3>\n\n\n\n<p>Posebno nepovoljni vremenski uslovi prognoziraju se za Timo\u010dku Krajinu. U ovom delu Srbije o\u010dekuje se ledeni dan, sa maksimalnom dnevnom temperaturom oko minus jedan stepen. Vreme \u0107e biti obla\u010dno i tmurno, uz povremenu ledenu ki\u0161u, a lokalno je mogu\u0107 i slab sneg. Ovakvi uslovi mogu ote\u017eati saobra\u0107aj i svakodnevne aktivnosti, pa se preporu\u010duje dodatni oprez.<\/p>\n\n\n\n<h3 class=\"wp-block-heading\">Prognoza za naredne dane<\/h3>\n\n\n\n<p>U \u010detvrtak \u0107e u ve\u0107em delu Srbije vreme ostati promenljivo obla\u010dno i vetrovito. Tokom popodneva i ve\u010deri mogu\u0107a je kratkotrajna ki\u0161a u Ba\u010dkoj, Sremu i zapadnoj Srbiji. Na istoku zemlje zadr\u017ea\u0107e se hladno i tmurno vreme, uz povremenu slabu ki\u0161u ili rosulju.<\/p>\n\n\n\n<p>Minimalne jutarnje temperature kreta\u0107e se od minus tri stepena u Timo\u010dkoj Krajini do oko sedam stepeni na jugu zemlje. Najvi\u0161e dnevne temperature uglavnom \u0107e biti izme\u0111u 10 i 14 stepeni, dok \u0107e u isto\u010dnim krajevima ostati znatno hladnije.<\/p>\n\n\n\n<h3 class=\"wp-block-heading\">Kratkotrajno otopljenje u petak<\/h3>\n\n\n\n<p>Petak donosi prolazno pobolj\u0161anje i blagi porast temperature. Pre podne se o\u010dekuju sun\u010dani intervali uz malo do umereno obla\u010dno vreme. Me\u0111utim, ve\u0107 tokom popodneva sa jugozapada sti\u017ee novo naobla\u010denje koje \u0107e doneti ki\u0161u, dok se na vi\u0161im planinama o\u010dekuju sne\u017ene padavine. U Timo\u010dkoj Krajini hladno i tmurno vreme \u0107e se zadr\u017eati tokom celog dana.<\/p>\n\n\n\n<h3 class=\"wp-block-heading\">Da li se sneg ponovo vra\u0107a<\/h3>\n\n\n\n<p>Subota \u0107e biti prete\u017eno obla\u010dna, sa povremenom slabom ki\u0161om u ni\u017eim predelima, dok \u0107e se na planinama javiti slab sneg. U nedelju ujutru padavine \u0107e biti u\u010destalije, ali \u0107e se tokom dana postepeno smanjivati i povla\u010diti ka brdsko-planinskim podru\u010djima. Sneg \u0107e se zadr\u017eati uglavnom na vi\u0161im nadmorskim visinama na jugu zemlje.<\/p>\n\n\n\n<p>Po\u010detkom naredne sedmice o\u010dekuje se novo pogor\u0161anje vremena. Prognozira se obla\u010dno vreme sa \u010destom ki\u0161om, dok \u0107e u planinskim krajevima i u Timo\u010dkoj Krajini ponovo biti uslova za formiranje manjeg sne\u017enog pokriva\u010da. U ko\u0161avskom podru\u010dju ponovo se o\u010dekuje ja\u010danje jugoisto\u010dnog vetra.<\/p>\n\n\n\n<h3 class=\"wp-block-heading\">Zaklju\u010dak<\/h3>\n\n\n\n<p>Iako kratkotrajni periodi toplijeg vremena mogu stvoriti utisak stabilizacije, pred Srbijom je jo\u0161 jedan niz promenljivih i zahtevnih dana. Razlike izme\u0111u regiona bi\u0107e izra\u017eene, pa se gra\u0111anima savetuje da redovno prate vremensku prognozu, prilagode planove uslovima na terenu i obrate pa\u017enju na bezbednost, naro\u010dito u saobra\u0107aju i u oblastima zahva\u0107enim ledom, vetrom i snegom.<\/p>\n","protected":false},"excerpt":{"rendered":"<p>Srbija se ovih dana suo\u010dava sa izrazito promenljivim i nestabilnim vremenskim uslovima, koji u pojedinim delovima zemlje donose i ozbiljne pote\u0161ko\u0107e. Iako \u0107e u ve\u0107em delu zemlje temperature kratkotrajno porasti, vremenski kontrasti bi\u0107e izra\u017eeni, uz jak vetar, padavine i lokalno veoma nepovoljne prilike. Dana\u0161nje vreme: toplije, ali vetrovito Prema podacima nadle\u017enih meteorolo\u0161kih slu\u017ebi, danas \u0107e [&hellip;]<\/p>\n","protected":false},"author":1,"featured_media":0,"comment_status":"closed","ping_status":"closed","sticky":false,"template":"","format":"standard","meta":{"footnotes":""},"categories":[10],"tags":[],"class_list":["post-67484","post","type-post","status-publish","format-standard","hentry","category-zanimljivosti"],"_links":{"self":[{"href":"https:\/\/vaterpolosrbija.rs\/index.php?rest_route=\/wp\/v2\/posts\/67484","targetHints":{"allow":["GET"]}}],"collection":[{"href":"https:\/\/vaterpolosrbija.rs\/index.php?rest_route=\/wp\/v2\/posts"}],"about":[{"href":"https:\/\/vaterpolosrbija.rs\/index.php?rest_route=\/wp\/v2\/types\/post"}],"author":[{"embeddable":true,"href":"https:\/\/vaterpolosrbija.rs\/index.php?rest_route=\/wp\/v2\/users\/1"}],"replies":[{"embeddable":true,"href":"https:\/\/vaterpolosrbija.rs\/index.php?rest_route=%2Fwp%2Fv2%2Fcomments&post=67484"}],"version-history":[{"count":0,"href":"https:\/\/vaterpolosrbija.rs\/index.php?rest_route=\/wp\/v2\/posts\/67484\/revisions"}],"wp:attachment":[{"href":"https:\/\/vaterpolosrbija.rs\/index.php?rest_route=%2Fwp%2Fv2%2Fmedia&parent=67484"}],"wp:term":[{"taxonomy":"category","embeddable":true,"href":"https:\/\/vaterpolosrbija.rs\/index.php?rest_route=%2Fwp%2Fv2%2Fcategories&post=67484"},{"taxonomy":"post_tag","embeddable":true,"href":"https:\/\/vaterpolosrbija.rs\/index.php?rest_route=%2Fwp%2Fv2%2Ftags&post=67484"}],"curies":[{"name":"wp","href":"https:\/\/api.w.org\/{rel}","templated":true}]}}