{"id":67477,"date":"2026-02-04T21:41:33","date_gmt":"2026-02-04T19:41:33","guid":{"rendered":"https:\/\/kvalitetvremena.com\/?p=67477"},"modified":"2026-02-04T21:41:33","modified_gmt":"2026-02-04T19:41:33","slug":"portret-na-zidu-i-brat-kojeg-nikada-nije-prestao-da-trazi","status":"publish","type":"post","link":"https:\/\/vaterpolosrbija.rs\/?p=67477","title":{"rendered":"Portret na zidu i brat kojeg nikada nije prestao da tra\u017ei"},"content":{"rendered":"\n<p>Artur Menezes je stajao pred starim portretom u hodniku svoje vile kada je ti\u0161inu prekinuo tihi glas sprema\u010dice.<\/p>\n\n\n\n<p>\u201eGospodine\u2026 ovaj dje\u010dak je \u017eivio sa mnom u siroti\u0161tu do svoje \u010detrnaeste godine.\u201c<\/p>\n\n\n\n<p>Artur se uko\u010dio. Pogled na sliku odjednom mu je postao te\u017eak. Dje\u010dak na portretu imao je isto lice, isti pogled i istu kosu kao njegov mla\u0111i brat Lukas, nestao prije vi\u0161e od trideset godina.<\/p>\n\n\n\n<p>\u201ePoznavala sam ga kao Danijela\u201c, rekla je \u017eena tiho. \u201eNikada nije govorio o porodici.\u201c<\/p>\n\n\n\n<p>Te rije\u010di probudile su sje\u0107anja koja nikada nisu izblijedjela.<\/p>\n\n\n\n<hr class=\"wp-block-separator has-alpha-channel-opacity\"\/>\n\n\n\n<h3 class=\"wp-block-heading\">Brat koji se nikada nije vratio<\/h3>\n\n\n\n<p>Artur je imao uspjeh, ugled i sigurnost, ali ni\u0161ta od toga nije moglo da ispuni prazninu koju je ostavio nestanak njegovog brata. Lukas je imao samo \u010detiri godine kada je nestao tokom \u0161etnje u parku, dok je dadilja na trenutak skrenula pogled.<\/p>\n\n\n\n<p>Porodica je godinama tra\u017eila odgovore. Njihov dom, nekada ispunjen muzikom i smijehom, postao je tih. Na klaviru je ostala fotografija dje\u010daka, po\u017eutjela od vremena.<\/p>\n\n\n\n<hr class=\"wp-block-separator has-alpha-channel-opacity\"\/>\n\n\n\n<h3 class=\"wp-block-heading\">\u017dena sa sje\u0107anjem<\/h3>\n\n\n\n<p>Sprema\u010dica, Klara, do\u0161la je u vilu tek nekoliko sedmica ranije. Bila je povu\u010dena i nenametljiva, ali njen pogled na portret otkrio je ne\u0161to vi\u0161e.<\/p>\n\n\n\n<p>Ispri\u010dala je da je dje\u010dak, koga je poznavala kao Danijela, \u010desto govorio o ku\u0107i s klavirom i starijem bratu koji ga je zvao posebnim nadimkom. Vjerovala mu je, iako su drugi sumnjali.<\/p>\n\n\n\n<p>Artur je osjetio da se komadi pro\u0161losti mo\u017eda kona\u010dno povezuju.<\/p>\n\n\n\n<hr class=\"wp-block-separator has-alpha-channel-opacity\"\/>\n\n\n\n<h3 class=\"wp-block-heading\">Tragovi iz siroti\u0161ta<\/h3>\n\n\n\n<p>Zajedno su posjetili staro siroti\u0161te Sveti Vinsent. Tamo\u0161nja \u010dasna sestra potvrdila je Klarinu pri\u010du. Dijete je dovedeno sa dokumentima koji tada nisu detaljno provjeravani.<\/p>\n\n\n\n<p>Poseban trag bio je crte\u017e koji je dje\u010dak ostavio \u2014 ku\u0107a, klavir i dvoje djece koja se dr\u017ee za ruke. U uglu je pisalo ime: <strong>Lukas Menezes<\/strong>.<\/p>\n\n\n\n<p>Za Artura, to je bio trenutak u kojem sumnja vi\u0161e nije postojala.<\/p>\n\n\n\n<hr class=\"wp-block-separator has-alpha-channel-opacity\"\/>\n\n\n\n<h3 class=\"wp-block-heading\">Potraga koja vodi ka odgovoru<\/h3>\n\n\n\n<p>Dalja potraga otkrila je da je mladi\u0107 sa tim imenom kasnije bio hospitalizovan nakon nesre\u0107e i da je imao problema sa pam\u0107enjem. I dalje je crtao iste motive \u2014 ku\u0107u i klavir.<\/p>\n\n\n\n<p>Posljednji trag vodio je u mali planinski grad, gdje je uli\u010dni umjetnik potpisivao svoja djela imenom Lukas Menezes.<\/p>\n\n\n\n<hr class=\"wp-block-separator has-alpha-channel-opacity\"\/>\n\n\n\n<h3 class=\"wp-block-heading\">Susret poslije tri decenije<\/h3>\n\n\n\n<p>Na gradskom trgu, me\u0111u prolaznicima i svjetlom dana, Artur je ugledao \u010dovjeka \u010dije mu je lice bilo nepogre\u0161ivo poznato.<\/p>\n\n\n\n<p>Stari crte\u017e bio je dovoljan da probudi sje\u0107anja. Emocije su do\u0161le tiho, bez rije\u010di, u zagrljaju koji je nadokna\u0111ivao izgubljene godine.<\/p>\n\n\n\n<hr class=\"wp-block-separator has-alpha-channel-opacity\"\/>\n\n\n\n<h3 class=\"wp-block-heading\">Povratak muzike<\/h3>\n\n\n\n<p>Lukas se vratio u porodi\u010dnu ku\u0107u kako bi se oporavio i ponovo prona\u0161ao sebe. Sje\u0107anja su dolazila postepeno \u2014 zvuci, mirisi, osje\u0107aji.<\/p>\n\n\n\n<p>Jedne ve\u010deri, klavir je ponovo zasvirao. Po prvi put nakon mnogo godina, ku\u0107a vi\u0161e nije bila tiha.<\/p>\n\n\n\n<hr class=\"wp-block-separator has-alpha-channel-opacity\"\/>\n\n\n\n<h3 class=\"wp-block-heading\">Smisao koji ostaje<\/h3>\n\n\n\n<p>Umjesto da se okrene pro\u0161losti, Artur je odlu\u010dio da iz bola stvori ne\u0161to dobro. Osnovao je fondaciju posve\u0107enu povezivanju nestale djece sa njihovim porodicama. Klara je postala dio tog rada, a Lukas je kroz umjetnost dao novi simbol nade.<\/p>\n\n\n\n<p>Portret koji je nekada bio samo uspomena, sada je postao podsjetnik.<\/p>\n\n\n\n<p>Vrijeme mo\u017ee zamagliti sje\u0107anja, ali ljubav \u2014 kada je istinska \u2014 uvijek prona\u0111e put nazad.<\/p>\n","protected":false},"excerpt":{"rendered":"<p>Artur Menezes je stajao pred starim portretom u hodniku svoje vile kada je ti\u0161inu prekinuo tihi glas sprema\u010dice. \u201eGospodine\u2026 ovaj dje\u010dak je \u017eivio sa mnom u siroti\u0161tu do svoje \u010detrnaeste godine.\u201c Artur se uko\u010dio. Pogled na sliku odjednom mu je postao te\u017eak. Dje\u010dak na portretu imao je isto lice, isti pogled i istu kosu kao [&hellip;]<\/p>\n","protected":false},"author":1,"featured_media":67478,"comment_status":"closed","ping_status":"closed","sticky":false,"template":"","format":"standard","meta":{"footnotes":""},"categories":[12],"tags":[],"class_list":["post-67477","post","type-post","status-publish","format-standard","has-post-thumbnail","hentry","category-ispovijest"],"_links":{"self":[{"href":"https:\/\/vaterpolosrbija.rs\/index.php?rest_route=\/wp\/v2\/posts\/67477","targetHints":{"allow":["GET"]}}],"collection":[{"href":"https:\/\/vaterpolosrbija.rs\/index.php?rest_route=\/wp\/v2\/posts"}],"about":[{"href":"https:\/\/vaterpolosrbija.rs\/index.php?rest_route=\/wp\/v2\/types\/post"}],"author":[{"embeddable":true,"href":"https:\/\/vaterpolosrbija.rs\/index.php?rest_route=\/wp\/v2\/users\/1"}],"replies":[{"embeddable":true,"href":"https:\/\/vaterpolosrbija.rs\/index.php?rest_route=%2Fwp%2Fv2%2Fcomments&post=67477"}],"version-history":[{"count":0,"href":"https:\/\/vaterpolosrbija.rs\/index.php?rest_route=\/wp\/v2\/posts\/67477\/revisions"}],"wp:featuredmedia":[{"embeddable":true,"href":"https:\/\/vaterpolosrbija.rs\/index.php?rest_route=\/wp\/v2\/media\/67478"}],"wp:attachment":[{"href":"https:\/\/vaterpolosrbija.rs\/index.php?rest_route=%2Fwp%2Fv2%2Fmedia&parent=67477"}],"wp:term":[{"taxonomy":"category","embeddable":true,"href":"https:\/\/vaterpolosrbija.rs\/index.php?rest_route=%2Fwp%2Fv2%2Fcategories&post=67477"},{"taxonomy":"post_tag","embeddable":true,"href":"https:\/\/vaterpolosrbija.rs\/index.php?rest_route=%2Fwp%2Fv2%2Ftags&post=67477"}],"curies":[{"name":"wp","href":"https:\/\/api.w.org\/{rel}","templated":true}]}}