{"id":67470,"date":"2026-02-04T21:25:24","date_gmt":"2026-02-04T19:25:24","guid":{"rendered":"https:\/\/kvalitetvremena.com\/?p=67470"},"modified":"2026-02-04T21:25:24","modified_gmt":"2026-02-04T19:25:24","slug":"istina-koju-nisam-smio-ignorisati-kako-sam-zastitio-svoje-dijete-i-povratio-njen-osjecaj-sigurnosti","status":"publish","type":"post","link":"https:\/\/vaterpolosrbija.rs\/?p=67470","title":{"rendered":"Istina koju nisam smio ignorisati: kako sam za\u0161titio svoje dijete i povratio njen osje\u0107aj sigurnosti"},"content":{"rendered":"\n<p>Vra\u0107ao sam se s poslovnog puta u \u010cikago, raduju\u0107i se povratku ku\u0107i i vremenu sa svojom osmogodi\u0161njom k\u0107erkom Sophie. Obi\u010dno bi me do\u010dekala s osmijehom i dje\u010dijom energijom, ali ovog puta ku\u0107a je bila neobi\u010dno tiha.<\/p>\n\n\n\n<p>Dok sam ostavljao kofer, Sophie mi je tiho pri\u0161la i rekla da se ne osje\u0107a dobro. \u017dalila se na bol u le\u0111ima i priznala da joj je re\u010deno da to ne spominje. Njena nelagoda i strah bili su o\u010digledni i odmah sam znao da ne\u0161to nije u redu.<\/p>\n\n\n\n<p>Kleknuo sam pored nje i zamolio je da mi objasni \u0161ta se dogodilo. Ispri\u010dala je da je do\u0161lo do porodi\u010dne sva\u0111e nakon bezazlenog incidenta i da je tom prilikom povrije\u0111ena. Umjesto da dobije medicinsku pomo\u0107, bila je povu\u010dena u sobu uz obja\u0161njenje da \u201enije ni\u0161ta ozbiljno\u201c.<\/p>\n\n\n\n<p>Kada sam vidio da joj je potrebna stru\u010dna pomo\u0107, bez oklijevanja sam je odvezao u dje\u010diju bolnicu. Ljekari su obavili pregled i, pored povrede le\u0111a, primijetili znakove koji su zahtijevali dodatnu pa\u017enju. Po zakonskoj obavezi, bolnica je uklju\u010dila nadle\u017ene slu\u017ebe kako bi se osigurala Sophiena sigurnost.<\/p>\n\n\n\n<p>Tokom razgovora sa socijalnim radnicima, bilo mi je va\u017eno samo jedno \u2014 da moje dijete bude za\u0161ti\u0107eno i da se osje\u0107a sigurno. Reakcija drugog roditelja, s kojom su se upoznali i stru\u010dnjaci, dodatno je potvrdila potrebu za daljim postupanjem institucija.<\/p>\n\n\n\n<p>Ovakve situacije, iako te\u0161ke, podsje\u0107aju koliko je va\u017eno ozbiljno shvatiti znakove nelagode kod djece. Prema dostupnim podacima institucija koje se bave za\u0161titom djece, zdravstvene ustanove \u010desto igraju klju\u010dnu ulogu u prepoznavanju i spre\u010davanju daljih problema u porodici.<\/p>\n\n\n\n<p>Sophie se oporavljala u mirnom okru\u017eenju, uz podr\u0161ku stru\u010dnjaka i osje\u0107aj sigurnosti koji joj je bio potreban. Nadle\u017ene slu\u017ebe su preuzele slu\u010daj, a donesene odluke bile su usmjerene isklju\u010divo na dobrobit djeteta.<\/p>\n\n\n\n<p>Danas, kada je gledam kako se bezbri\u017eno igra i smije, znam da je povjerenje koje mi je ukazala bilo presudno. Rekla mi je: \u201eTata, hvala \u0161to si me saslu\u0161ao.\u201c<\/p>\n\n\n\n<p>I upravo to je poruka ove pri\u010de \u2014 slu\u0161ati, reagovati i \u0161tititi. Jer djetetova sigurnost uvijek mora biti na prvom mjestu.<\/p>\n","protected":false},"excerpt":{"rendered":"<p>Vra\u0107ao sam se s poslovnog puta u \u010cikago, raduju\u0107i se povratku ku\u0107i i vremenu sa svojom osmogodi\u0161njom k\u0107erkom Sophie. Obi\u010dno bi me do\u010dekala s osmijehom i dje\u010dijom energijom, ali ovog puta ku\u0107a je bila neobi\u010dno tiha. Dok sam ostavljao kofer, Sophie mi je tiho pri\u0161la i rekla da se ne osje\u0107a dobro. \u017dalila se na [&hellip;]<\/p>\n","protected":false},"author":1,"featured_media":67474,"comment_status":"closed","ping_status":"closed","sticky":false,"template":"","format":"standard","meta":{"footnotes":""},"categories":[12],"tags":[],"class_list":["post-67470","post","type-post","status-publish","format-standard","has-post-thumbnail","hentry","category-ispovijest"],"_links":{"self":[{"href":"https:\/\/vaterpolosrbija.rs\/index.php?rest_route=\/wp\/v2\/posts\/67470","targetHints":{"allow":["GET"]}}],"collection":[{"href":"https:\/\/vaterpolosrbija.rs\/index.php?rest_route=\/wp\/v2\/posts"}],"about":[{"href":"https:\/\/vaterpolosrbija.rs\/index.php?rest_route=\/wp\/v2\/types\/post"}],"author":[{"embeddable":true,"href":"https:\/\/vaterpolosrbija.rs\/index.php?rest_route=\/wp\/v2\/users\/1"}],"replies":[{"embeddable":true,"href":"https:\/\/vaterpolosrbija.rs\/index.php?rest_route=%2Fwp%2Fv2%2Fcomments&post=67470"}],"version-history":[{"count":0,"href":"https:\/\/vaterpolosrbija.rs\/index.php?rest_route=\/wp\/v2\/posts\/67470\/revisions"}],"wp:featuredmedia":[{"embeddable":true,"href":"https:\/\/vaterpolosrbija.rs\/index.php?rest_route=\/wp\/v2\/media\/67474"}],"wp:attachment":[{"href":"https:\/\/vaterpolosrbija.rs\/index.php?rest_route=%2Fwp%2Fv2%2Fmedia&parent=67470"}],"wp:term":[{"taxonomy":"category","embeddable":true,"href":"https:\/\/vaterpolosrbija.rs\/index.php?rest_route=%2Fwp%2Fv2%2Fcategories&post=67470"},{"taxonomy":"post_tag","embeddable":true,"href":"https:\/\/vaterpolosrbija.rs\/index.php?rest_route=%2Fwp%2Fv2%2Ftags&post=67470"}],"curies":[{"name":"wp","href":"https:\/\/api.w.org\/{rel}","templated":true}]}}