{"id":67453,"date":"2026-02-04T12:13:03","date_gmt":"2026-02-04T10:13:03","guid":{"rendered":"https:\/\/kvalitetvremena.com\/?p=67453"},"modified":"2026-02-04T12:13:03","modified_gmt":"2026-02-04T10:13:03","slug":"milorad-dodik-u-washingtonu-od-molitvenog-dorucka-do-nba-utakmice","status":"publish","type":"post","link":"https:\/\/vaterpolosrbija.rs\/?p=67453","title":{"rendered":"Milorad Dodik u Washingtonu: od Molitvenog doru\u010dka do NBA utakmice"},"content":{"rendered":"\n<p><strong>Uvod<\/strong><br>Milorad Dodik, \u010dlan Predsjedni\u0161tva Bosne i Hercegovine, stigao je u Washington u sklopu slu\u017ebene posjete povodom Molitvenog doru\u010dka. Ovaj doga\u0111aj okuplja politi\u010dke lidere i javne li\u010dnosti iz cijelog svijeta i pru\u017ea priliku za dijalog i umre\u017eavanje.<\/p>\n\n\n\n<p><strong>Dolazak u Washington<\/strong><br>Na dru\u0161tvenim mre\u017eama Dodik je kratko objavio: \u201eStigao sam\u201c, \u010dime je obavijestio javnost o svom dolasku u ameri\u010dku prijestolnicu. Posjeta Washingtonu predstavlja i priliku za upoznavanje s diplomatskim protokolom SAD-a, ali i za razmjenu iskustava s drugim liderima koji prisustvuju ovom tradicionalnom doga\u0111aju.<\/p>\n\n\n\n<p><strong>NBA iskustvo<\/strong><br>Nakon slu\u017ebenih aktivnosti, Dodik je odlu\u010dio posjetiti NBA utakmicu izme\u0111u Washington Wizardsa i New York Knicksa. Na dru\u0161tvenim mre\u017eama je istaknuo: \u201ePravo je zadovoljstvo pogledati dobar ko\u0161arka\u0161ki me\u010d.\u201c Ovaj potez pokazuje kako politi\u010dki lideri, uz svoje formalne obaveze, \u010desto pronalaze trenutke za sport i opu\u0161tanje, \u010dime se stvara balans izme\u0111u posla i slobodnog vremena.<\/p>\n\n\n\n<p><strong>Zna\u010daj posjeta i javne reakcije<\/strong><br>Posjeta Washingtonu i prisustvo Molitvenom doru\u010dku pru\u017eaju Dodiku priliku da se predstavi me\u0111unarodnoj javnosti i da u\u010dvrsti diplomatske kontakte. Istovremeno, njegova odluka da posjeti NBA utakmicu pokazuje ljudsku, opu\u0161teniju stranu politi\u010dara, \u0161to je \u010desto zanimljivo i \u0161iroj javnosti.<\/p>\n\n\n\n<p><strong>Zaklju\u010dak<\/strong><br>Ova posjeta potvr\u0111uje da politi\u010dke obaveze i diplomatski susreti nisu jedini dio javnog \u017eivota politi\u010dara. Prilike za sport i opu\u0161tanje tako\u0111er imaju svoje mjesto u dnevnoj rutini, \u010dime se pokazuje da lideri, unato\u010d ozbiljnim obavezama, pronalaze trenutke za odmor i u\u017eivanje u svakodnevnim aktivnostima.<\/p>\n","protected":false},"excerpt":{"rendered":"<p>UvodMilorad Dodik, \u010dlan Predsjedni\u0161tva Bosne i Hercegovine, stigao je u Washington u sklopu slu\u017ebene posjete povodom Molitvenog doru\u010dka. Ovaj doga\u0111aj okuplja politi\u010dke lidere i javne li\u010dnosti iz cijelog svijeta i pru\u017ea priliku za dijalog i umre\u017eavanje. Dolazak u WashingtonNa dru\u0161tvenim mre\u017eama Dodik je kratko objavio: \u201eStigao sam\u201c, \u010dime je obavijestio javnost o svom dolasku u [&hellip;]<\/p>\n","protected":false},"author":1,"featured_media":67454,"comment_status":"closed","ping_status":"closed","sticky":false,"template":"","format":"standard","meta":{"footnotes":""},"categories":[10],"tags":[],"class_list":["post-67453","post","type-post","status-publish","format-standard","has-post-thumbnail","hentry","category-zanimljivosti"],"_links":{"self":[{"href":"https:\/\/vaterpolosrbija.rs\/index.php?rest_route=\/wp\/v2\/posts\/67453","targetHints":{"allow":["GET"]}}],"collection":[{"href":"https:\/\/vaterpolosrbija.rs\/index.php?rest_route=\/wp\/v2\/posts"}],"about":[{"href":"https:\/\/vaterpolosrbija.rs\/index.php?rest_route=\/wp\/v2\/types\/post"}],"author":[{"embeddable":true,"href":"https:\/\/vaterpolosrbija.rs\/index.php?rest_route=\/wp\/v2\/users\/1"}],"replies":[{"embeddable":true,"href":"https:\/\/vaterpolosrbija.rs\/index.php?rest_route=%2Fwp%2Fv2%2Fcomments&post=67453"}],"version-history":[{"count":0,"href":"https:\/\/vaterpolosrbija.rs\/index.php?rest_route=\/wp\/v2\/posts\/67453\/revisions"}],"wp:featuredmedia":[{"embeddable":true,"href":"https:\/\/vaterpolosrbija.rs\/index.php?rest_route=\/wp\/v2\/media\/67454"}],"wp:attachment":[{"href":"https:\/\/vaterpolosrbija.rs\/index.php?rest_route=%2Fwp%2Fv2%2Fmedia&parent=67453"}],"wp:term":[{"taxonomy":"category","embeddable":true,"href":"https:\/\/vaterpolosrbija.rs\/index.php?rest_route=%2Fwp%2Fv2%2Fcategories&post=67453"},{"taxonomy":"post_tag","embeddable":true,"href":"https:\/\/vaterpolosrbija.rs\/index.php?rest_route=%2Fwp%2Fv2%2Ftags&post=67453"}],"curies":[{"name":"wp","href":"https:\/\/api.w.org\/{rel}","templated":true}]}}