{"id":67444,"date":"2026-02-04T10:18:53","date_gmt":"2026-02-04T08:18:53","guid":{"rendered":"https:\/\/kvalitetvremena.com\/?p=67444"},"modified":"2026-02-04T10:18:53","modified_gmt":"2026-02-04T08:18:53","slug":"jedna-recenica-koja-je-promenila-sve-tisina-strpljenje-i-put-ka-pravdi","status":"publish","type":"post","link":"https:\/\/vaterpolosrbija.rs\/?p=67444","title":{"rendered":"Jedna re\u010denica koja je promenila sve: ti\u0161ina, strpljenje i put ka pravdi"},"content":{"rendered":"\n<p><strong>Uvod<\/strong><br>Postoje re\u010denice koje bole vi\u0161e od vike. Izgovorene hladno, bez emocija, one ostavljaju trag koji se ne vidi odmah, ali duboko menja \u010doveka. Ova pri\u010da govori o Veri, \u017eeni koja je godinama \u017eivela u odnosu ispunjenom manipulacijom, emocionalnim pritiskom i poni\u017eavanjem, sve dok jedna re\u010denica nije postala ta\u010dka bez povratka.<\/p>\n\n\n\n<p>Naizgled obi\u010dan trenutak, novogodi\u0161nja ve\u010dera, pretvorio se u prekretnicu koja je pokrenula dug i strpljiv put ka istini i pravdi.<\/p>\n\n\n\n<p><strong>Re\u010denica koja je sru\u0161ila iluziju<\/strong><br>Tokom skromnog obroka za do\u010dek Nove godine, Maksim je bez ustru\u010davanja rekao svojoj supruzi:<br>Najbolji poklon za ovu godinu bio bi da ne postoji\u0161.<\/p>\n\n\n\n<p>Te re\u010di nisu bile izre\u010dene u afektu. Bile su rezultat godina omalova\u017eavanja i emocionalne kontrole. Vera nije odgovorila. Nije zaplakala, nije se branila. Ali tog trenutka ne\u0161to se u njoj nepovratno promenilo. Shvatila je da vi\u0161e ne mo\u017ee \u017eiveti u ti\u0161ini koja je gu\u0161i.<\/p>\n\n\n\n<p><strong>Istina koja je dugo \u010dekala<\/strong><br>Verina pri\u010da nije po\u010dela te ve\u010deri. Godinama ranije otkrila je da je Maksim svoj poslovni uspeh izgradio koriste\u0107i njenog oca, njegove veze i poverenje. Jo\u0161 te\u017ee saznanje bilo je da su klju\u010dne odluke koje su njenog oca dovele u lo\u0161 polo\u017eaj bile rezultat obmane i falsifikovanja dokumenata.<\/p>\n\n\n\n<p>Umesto naglih poteza, Vera je izabrala strpljenje. Po\u010dela je da istra\u017euje, da povezuje stare doga\u0111aje, da prikuplja svedo\u010danstva i dokumente. Radila je tiho, bez sukoba, svesna da istina zahteva vreme.<\/p>\n\n\n\n<p><strong>Snaga strpljenja i mudre odluke<\/strong><br>Anga\u017eovanje pravne pomo\u0107i bio je va\u017ean korak, ali ni tada nije sve i\u0161lo lako. \u010cak su i stru\u010dnjaci u po\u010detku sumnjali da se istina mo\u017ee u potpunosti dokazati. Ipak, Vera nije odustajala. Vremenom je uspela da prona\u0111e klju\u010dne svedoke i dokaze koji su pokazali da je \u010ditav poslovni sistem njenog mu\u017ea zasnovan na prevari.<\/p>\n\n\n\n<p>Kada je do\u0161ao trenutak da se istina iznese, sve se odvilo brzo. Finansijska sredstva su blokirana, imovina preispitana, a odgovornost je kona\u010dno do\u0161la na naplatu.<\/p>\n\n\n\n<p><strong>Kraj kontrole i po\u010detak slobode<\/strong><br>Maksim je tek tada shvatio da je izgubio mo\u0107. Pretnje i poku\u0161aji manipulacije vi\u0161e nisu imali efekta. Vera je ostala mirna. Nije slavila tu\u0111i pad, niti je postupala iz mr\u017enje. Njen cilj nikada nije bio uni\u0161tenje, ve\u0107 istina i pravda, pre svega za njenog oca, ali i za samu sebe.<\/p>\n\n\n\n<p>Do slede\u0107e Nove godine, sve je bilo zavr\u0161eno. Istina je iza\u0161la na videlo i vi\u0161e nije bilo povratka na staro.<\/p>\n\n\n\n<p><strong>\u017divotna lekcija ove pri\u010de<\/strong><br>Verina pri\u010da nije pri\u010da o osveti, ve\u0107 o unutra\u0161njoj snazi. Ona pokazuje da ti\u0161ina ne mora zna\u010diti slabost i da strpljenje mo\u017ee biti mo\u0107no oru\u017eje kada je vo\u0111eno jasnim ciljem.<\/p>\n\n\n\n<p>Najva\u017enija borba \u010desto nije ona protiv drugih ljudi, ve\u0107 borba da se prevazi\u0111u sopstveni strahovi, sumnje i navika da se trpi ono \u0161to ne bi trebalo. Pravda mo\u017eda ne dolazi brzo, ali dolazi onima koji su spremni da istraju, da veruju u istinu i da ne odustanu od sebe.<\/p>\n\n\n\n<p>Ova pri\u010da podse\u0107a da niko nema pravo da drugome oduzme dostojanstvo i da prava sloboda po\u010dinje onog trenutka kada odlu\u010dimo da vi\u0161e ne prihvatamo ono \u0161to nas poni\u017eava.<\/p>\n","protected":false},"excerpt":{"rendered":"<p>UvodPostoje re\u010denice koje bole vi\u0161e od vike. Izgovorene hladno, bez emocija, one ostavljaju trag koji se ne vidi odmah, ali duboko menja \u010doveka. Ova pri\u010da govori o Veri, \u017eeni koja je godinama \u017eivela u odnosu ispunjenom manipulacijom, emocionalnim pritiskom i poni\u017eavanjem, sve dok jedna re\u010denica nije postala ta\u010dka bez povratka. Naizgled obi\u010dan trenutak, novogodi\u0161nja ve\u010dera, [&hellip;]<\/p>\n","protected":false},"author":1,"featured_media":67445,"comment_status":"closed","ping_status":"closed","sticky":false,"template":"","format":"standard","meta":{"footnotes":""},"categories":[10],"tags":[],"class_list":["post-67444","post","type-post","status-publish","format-standard","has-post-thumbnail","hentry","category-zanimljivosti"],"_links":{"self":[{"href":"https:\/\/vaterpolosrbija.rs\/index.php?rest_route=\/wp\/v2\/posts\/67444","targetHints":{"allow":["GET"]}}],"collection":[{"href":"https:\/\/vaterpolosrbija.rs\/index.php?rest_route=\/wp\/v2\/posts"}],"about":[{"href":"https:\/\/vaterpolosrbija.rs\/index.php?rest_route=\/wp\/v2\/types\/post"}],"author":[{"embeddable":true,"href":"https:\/\/vaterpolosrbija.rs\/index.php?rest_route=\/wp\/v2\/users\/1"}],"replies":[{"embeddable":true,"href":"https:\/\/vaterpolosrbija.rs\/index.php?rest_route=%2Fwp%2Fv2%2Fcomments&post=67444"}],"version-history":[{"count":0,"href":"https:\/\/vaterpolosrbija.rs\/index.php?rest_route=\/wp\/v2\/posts\/67444\/revisions"}],"wp:featuredmedia":[{"embeddable":true,"href":"https:\/\/vaterpolosrbija.rs\/index.php?rest_route=\/wp\/v2\/media\/67445"}],"wp:attachment":[{"href":"https:\/\/vaterpolosrbija.rs\/index.php?rest_route=%2Fwp%2Fv2%2Fmedia&parent=67444"}],"wp:term":[{"taxonomy":"category","embeddable":true,"href":"https:\/\/vaterpolosrbija.rs\/index.php?rest_route=%2Fwp%2Fv2%2Fcategories&post=67444"},{"taxonomy":"post_tag","embeddable":true,"href":"https:\/\/vaterpolosrbija.rs\/index.php?rest_route=%2Fwp%2Fv2%2Ftags&post=67444"}],"curies":[{"name":"wp","href":"https:\/\/api.w.org\/{rel}","templated":true}]}}