{"id":67431,"date":"2026-02-03T19:40:29","date_gmt":"2026-02-03T17:40:29","guid":{"rendered":"https:\/\/kvalitetvremena.com\/?p=67431"},"modified":"2026-02-03T19:40:29","modified_gmt":"2026-02-03T17:40:29","slug":"zdravko-colic-se-oglasio-nakon-incidenta-na-dedinju-svi-su-dobro-istraga-je-u-toku","status":"publish","type":"post","link":"https:\/\/vaterpolosrbija.rs\/?p=67431","title":{"rendered":"Zdravko \u010coli\u0107 se oglasio nakon incidenta na Dedinju: Svi su dobro, istraga je u toku"},"content":{"rendered":"\n<p>Pjeva\u010d Zdravko \u010coli\u0107 obratio se javnosti nakon incidenta koji se dogodio ispred njegove porodi\u010dne ku\u0107e na Dedinju u Beogradu, kada je pri\u010dinjena materijalna \u0161teta na objektu i okolini. \u010coli\u0107 je naglasio da je najva\u017enije to \u0161to niko nije povrije\u0111en i da se trenutno nalazi van Srbije.<\/p>\n\n\n\n<p>U kratkoj izjavi, \u010coli\u0107 je naveo da boravi u Zagrebu, gdje radi na zavr\u0161nim pjesmama za novi album, te da je sa porodicom u stalnom kontaktu.<\/p>\n\n\n\n<p>\u201eU Beogradu je sve u redu i, hvala Bogu, svi su dobro. To je u ovom trenutku jedino \u0161to je zaista va\u017eno\u201c, poru\u010dio je pjeva\u010d.<\/p>\n\n\n\n<h3 class=\"wp-block-heading\">Apel na odgovorno izvje\u0161tavanje<\/h3>\n\n\n\n<p>\u010coli\u0107 se osvrnuo i na na\u010din na koji je dio medija prenio informacije o doga\u0111aju. Istakao je da razumije interes javnosti, ali je naglasio va\u017enost ta\u010dnih i provjerenih informacija.<\/p>\n\n\n\n<p>\u201ePrimijetio sam da su neke izjave protuma\u010dene na na\u010din koji ne odgovara stvarnom stanju. Smatram da je va\u017eno da se o ovakvim temama izvje\u0161tava odgovorno, bez naga\u0111anja, dok nadle\u017eni organi ne zavr\u0161e svoj posao\u201c, rekao je \u010coli\u0107.<\/p>\n\n\n\n<p>Dodao je da je uvi\u0111aj jo\u0161 u toku i da se \u010deka zvani\u010dni policijski izvje\u0161taj, koji \u0107e dati jasniju sliku o okolnostima incidenta.<\/p>\n\n\n\n<h3 class=\"wp-block-heading\">Materijalna \u0161teta, bez povrije\u0111enih<\/h3>\n\n\n\n<p>Prema dostupnim informacijama sa terena, na objektu su vidljiva o\u0161te\u0107enja na fasadi, za\u0161titnoj ogradi i zelenilu ispred ku\u0107e. Tako\u0111er, o\u0161te\u0107eno je i nekoliko automobila koji su se nalazili parkirani u neposrednoj blizini.<\/p>\n\n\n\n<p>Nadle\u017ene slu\u017ebe su odmah reagovale, a policija je zapo\u010dela prikupljanje dokaza, uklju\u010duju\u0107i i snimke sa nadzornih kamera iz ulice i sa samog objekta.<\/p>\n\n\n\n<h3 class=\"wp-block-heading\">Fokus na istragu i sigurnost<\/h3>\n\n\n\n<p>U ovom trenutku, institucije rade na utvr\u0111ivanju svih relevantnih \u010dinjenica, dok porodica \u010coli\u0107, prema rije\u010dima pjeva\u010da, ostaje fokusirana na sigurnost i mir. Javnosti se savjetuje strpljenje dok se istraga ne privede kraju i dok ne budu dostupne zvani\u010dne informacije.<\/p>\n\n\n\n<p>Ovaj doga\u0111aj jo\u0161 jednom otvara pitanje odgovornog izvje\u0161tavanja i va\u017enosti provjerenih informacija, posebno kada je rije\u010d o osjetljivim situacijama koje mogu izazvati zabrinutost javnosti.<\/p>\n","protected":false},"excerpt":{"rendered":"<p>Pjeva\u010d Zdravko \u010coli\u0107 obratio se javnosti nakon incidenta koji se dogodio ispred njegove porodi\u010dne ku\u0107e na Dedinju u Beogradu, kada je pri\u010dinjena materijalna \u0161teta na objektu i okolini. \u010coli\u0107 je naglasio da je najva\u017enije to \u0161to niko nije povrije\u0111en i da se trenutno nalazi van Srbije. U kratkoj izjavi, \u010coli\u0107 je naveo da boravi u [&hellip;]<\/p>\n","protected":false},"author":1,"featured_media":67432,"comment_status":"closed","ping_status":"closed","sticky":false,"template":"","format":"standard","meta":{"footnotes":""},"categories":[10],"tags":[],"class_list":["post-67431","post","type-post","status-publish","format-standard","has-post-thumbnail","hentry","category-zanimljivosti"],"_links":{"self":[{"href":"https:\/\/vaterpolosrbija.rs\/index.php?rest_route=\/wp\/v2\/posts\/67431","targetHints":{"allow":["GET"]}}],"collection":[{"href":"https:\/\/vaterpolosrbija.rs\/index.php?rest_route=\/wp\/v2\/posts"}],"about":[{"href":"https:\/\/vaterpolosrbija.rs\/index.php?rest_route=\/wp\/v2\/types\/post"}],"author":[{"embeddable":true,"href":"https:\/\/vaterpolosrbija.rs\/index.php?rest_route=\/wp\/v2\/users\/1"}],"replies":[{"embeddable":true,"href":"https:\/\/vaterpolosrbija.rs\/index.php?rest_route=%2Fwp%2Fv2%2Fcomments&post=67431"}],"version-history":[{"count":0,"href":"https:\/\/vaterpolosrbija.rs\/index.php?rest_route=\/wp\/v2\/posts\/67431\/revisions"}],"wp:featuredmedia":[{"embeddable":true,"href":"https:\/\/vaterpolosrbija.rs\/index.php?rest_route=\/wp\/v2\/media\/67432"}],"wp:attachment":[{"href":"https:\/\/vaterpolosrbija.rs\/index.php?rest_route=%2Fwp%2Fv2%2Fmedia&parent=67431"}],"wp:term":[{"taxonomy":"category","embeddable":true,"href":"https:\/\/vaterpolosrbija.rs\/index.php?rest_route=%2Fwp%2Fv2%2Fcategories&post=67431"},{"taxonomy":"post_tag","embeddable":true,"href":"https:\/\/vaterpolosrbija.rs\/index.php?rest_route=%2Fwp%2Fv2%2Ftags&post=67431"}],"curies":[{"name":"wp","href":"https:\/\/api.w.org\/{rel}","templated":true}]}}