{"id":67418,"date":"2026-02-02T23:59:00","date_gmt":"2026-02-02T21:59:00","guid":{"rendered":"https:\/\/kvalitetvremena.com\/?p=67418"},"modified":"2026-02-02T23:59:00","modified_gmt":"2026-02-02T21:59:00","slug":"kad-ljubav-i-trauma-idu-ruku-pod-ruku-prica-o-postporodajnoj-tami-i-iscjeljenju","status":"publish","type":"post","link":"https:\/\/vaterpolosrbija.rs\/?p=67418","title":{"rendered":"Kad ljubav i trauma idu ruku pod ruku: Pri\u010da o postporo\u0111ajnoj tami i iscjeljenju"},"content":{"rendered":"\n<p>Proces dono\u0161enja djeteta na svijet trebao bi biti najljep\u0161i trenutak u \u017eivotu para. Za mene je, me\u0111utim, gotovo bio kraj. Dok sam se borila za \u017eivot na poro\u0111ajnom stolu, vjerovala sam da \u0107e pre\u017eivljavanje te traume biti najte\u017ei izazov. No ono \u0161to je uslijedilo u sedmicama nakon povratka ku\u0107i bilo je podjednako zastra\u0161uju\u0107e \u2013 tiho, zbunjuju\u0107e i neo\u010dekivano.<\/p>\n\n\n\n<h4 class=\"wp-block-heading\"><strong>Nevidljivi zid izme\u0111u nas<\/strong><\/h4>\n\n\n\n<p>Moj suprug Ryan, koji je trebao biti moj najve\u0107i oslonac, po\u010deo je emocionalno nestajati. Umjesto bliskosti, izme\u0111u nas se stvorio nevidljivi zid koji je svakim danom postajao sve vi\u0161i.<\/p>\n\n\n\n<h4 class=\"wp-block-heading\"><strong>Trenutak koji je promijenio sve<\/strong><\/h4>\n\n\n\n<p>Poro\u0111aj je trajao iscrpljuju\u0107ih osamnaest sati. Komplikacije su se nizale \u2013 nagli skok krvnog pritiska, hitni pozivi ljekara i ti\u0161ina koja ledi krv u \u017eilama. Sje\u0107am se samo Ryanovog glasa koji me preklinjao da ostanem uz njega prije nego \u0161to sam utonula u mrak.<\/p>\n\n\n\n<p>Kada sam se probudila, na\u0161a k\u0107erka Lily je bila tu. Ali Ryan vi\u0161e nije bio isti. Njegov pogled na nju bio je pun straha, a ne radosti. Svaki put kada bi je uzeo u naru\u010dje, djelovao je kao da dr\u017ei ne\u0161to \u0161to \u0107e se svakog trenutka slomiti. Njegova prisutnost postala je mehani\u010dka \u2013 radio je sve \u0161to treba oko bebe, ali bez trunke emocije.<\/p>\n\n\n\n<h4 class=\"wp-block-heading\"><strong>No\u0107ni nestanci i bolna istina<\/strong><\/h4>\n\n\n\n<p>Ubrzo su po\u010deli misteriozni no\u0107ni izlasci. Svake no\u0107i, oko pono\u0107i, iskrao bi se iz kreveta i odlazio automobilom u nepoznatom pravcu. Strah i sumnja me izjeda\u0161e: da li me vara? Da li bje\u017ei od odgovornosti roditeljstva?<\/p>\n\n\n\n<p>Jedne no\u0107i odlu\u010dila sam da saznam istinu. Pratila sam ga i ostala zate\u010dena. Njegov auto se zaustavio ispred skromne zgrade na kojoj je pisalo <em>\u201eCentar za oporavak Hope\u201c<\/em>. Kroz otvoren prozor \u010dula sam njegov glas \u2013 glas \u010dovjeka koji se slama pod teretom traume.<\/p>\n\n\n\n<h4 class=\"wp-block-heading\"><strong>Mu\u0161ka postporo\u0111ajna trauma je stvarna<\/strong><\/h4>\n\n\n\n<p>U grupi za podr\u0161ku Ryan je priznao ono \u0161to meni nije smio: u\u017eas koji je osje\u0107ao dok je gledao kako umirem na poro\u0111ajnom stolu. Svaki put kada bi pogledao na\u0161u k\u0107erku, vidio je podsjetnik na trenutak kada je zamalo izgubio sve. Njegova distanca nije bila nedostatak ljubavi, ve\u0107 mehanizam pre\u017eivljavanja. Bojao se da bi prevelika ljubav prema Lily u\u010dinila njegovu bol nepodno\u0161ljivom.<\/p>\n\n\n\n<p>O\u010devi, naro\u010dito nakon traumati\u010dnih poro\u0111aja, tako\u0111e mogu do\u017eivjeti postporo\u0111ajnu traumu i depresiju. Njihova bol se \u010desto zanemaruje, jer je sav fokus usmjeren na majku i dijete.<\/p>\n\n\n\n<h4 class=\"wp-block-heading\"><strong>Put ka zajedni\u010dkom iscjeljenju<\/strong><\/h4>\n\n\n\n<p>Kada sam saznala istinu, sve se promijenilo. Shvatila sam da trauma ne izgleda uvijek kao suze; ponekad izgleda kao ti\u0161ina, izbjegavanje i prazan pogled. Umjesto optu\u017ebi, ponudila sam mu razumijevanje.<\/p>\n\n\n\n<p>Danas smo oboje na terapiji. Ryan ponovo dr\u017ei Lily bez straha u o\u010dima. Nau\u010dili smo da ljubav ne nestaje \u2013 ona se ponekad samo sakrije iza straha. Najva\u017enija lekcija: kroz najte\u017ee trenutke ne moramo prolaziti sami. Iscjeljenje je mogu\u0107e, ali samo ako prestanemo bje\u017eati od istine i po\u010dnemo je razgovarati.<\/p>\n","protected":false},"excerpt":{"rendered":"<p>Proces dono\u0161enja djeteta na svijet trebao bi biti najljep\u0161i trenutak u \u017eivotu para. Za mene je, me\u0111utim, gotovo bio kraj. Dok sam se borila za \u017eivot na poro\u0111ajnom stolu, vjerovala sam da \u0107e pre\u017eivljavanje te traume biti najte\u017ei izazov. No ono \u0161to je uslijedilo u sedmicama nakon povratka ku\u0107i bilo je podjednako zastra\u0161uju\u0107e \u2013 tiho, [&hellip;]<\/p>\n","protected":false},"author":1,"featured_media":67419,"comment_status":"closed","ping_status":"closed","sticky":false,"template":"","format":"standard","meta":{"footnotes":""},"categories":[12],"tags":[],"class_list":["post-67418","post","type-post","status-publish","format-standard","has-post-thumbnail","hentry","category-ispovijest"],"_links":{"self":[{"href":"https:\/\/vaterpolosrbija.rs\/index.php?rest_route=\/wp\/v2\/posts\/67418","targetHints":{"allow":["GET"]}}],"collection":[{"href":"https:\/\/vaterpolosrbija.rs\/index.php?rest_route=\/wp\/v2\/posts"}],"about":[{"href":"https:\/\/vaterpolosrbija.rs\/index.php?rest_route=\/wp\/v2\/types\/post"}],"author":[{"embeddable":true,"href":"https:\/\/vaterpolosrbija.rs\/index.php?rest_route=\/wp\/v2\/users\/1"}],"replies":[{"embeddable":true,"href":"https:\/\/vaterpolosrbija.rs\/index.php?rest_route=%2Fwp%2Fv2%2Fcomments&post=67418"}],"version-history":[{"count":0,"href":"https:\/\/vaterpolosrbija.rs\/index.php?rest_route=\/wp\/v2\/posts\/67418\/revisions"}],"wp:featuredmedia":[{"embeddable":true,"href":"https:\/\/vaterpolosrbija.rs\/index.php?rest_route=\/wp\/v2\/media\/67419"}],"wp:attachment":[{"href":"https:\/\/vaterpolosrbija.rs\/index.php?rest_route=%2Fwp%2Fv2%2Fmedia&parent=67418"}],"wp:term":[{"taxonomy":"category","embeddable":true,"href":"https:\/\/vaterpolosrbija.rs\/index.php?rest_route=%2Fwp%2Fv2%2Fcategories&post=67418"},{"taxonomy":"post_tag","embeddable":true,"href":"https:\/\/vaterpolosrbija.rs\/index.php?rest_route=%2Fwp%2Fv2%2Ftags&post=67418"}],"curies":[{"name":"wp","href":"https:\/\/api.w.org\/{rel}","templated":true}]}}