{"id":67412,"date":"2026-02-02T23:36:30","date_gmt":"2026-02-02T21:36:30","guid":{"rendered":"https:\/\/kvalitetvremena.com\/?p=67412"},"modified":"2026-02-02T23:36:30","modified_gmt":"2026-02-02T21:36:30","slug":"kako-sam-nakon-45-godina-majcinske-zrtve-konacno-rekla-dosta","status":"publish","type":"post","link":"https:\/\/vaterpolosrbija.rs\/?p=67412","title":{"rendered":"Kako sam nakon 45 godina maj\u010dinske \u017ertve kona\u010dno rekla \u201edosta\u201c"},"content":{"rendered":"\n<h3 class=\"wp-block-heading\"><strong>\u017divot posve\u0107en sinu<\/strong><\/h3>\n\n\n\n<p>Moje ime je Stefani. Imam sedamdeset godina i cijeli \u017eivot sam \u0161tedjela, radila dva posla i odricala se svega da bih svom sinu Itanu pru\u017eila sve. Usvojila sam ga kada je imao pet godina \u2013 bio je tiho, prepla\u0161eno dijete s o\u010dima starijim od svog tijela. Decenijama je moj \u017eivot bio podre\u0111en njemu.<\/p>\n\n\n\n<p>Nikada se nisam preudala. Nikada nisam imala drugo dijete. On je bio moj svijet.<\/p>\n\n\n\n<h3 class=\"wp-block-heading\"><strong>Ljubav koja je boljela<\/strong><\/h3>\n\n\n\n<p>Kada je sreo E\u0161li, sve se promijenilo. Ona i njena majka Kerol gledale su me kao smetnju. Vrhunac je bio kada je Itan zatra\u017eio <strong>19.000 dolara za vjen\u010danje<\/strong> \u2013 svu moju u\u0161te\u0111evinu. \u201cAko me voli\u0161, ne\u0107e\u0161 oklijevati\u201d, rekao je. I dala sam mu.<\/p>\n\n\n\n<p>Na dan vjen\u010danja, dok sam sjedila u dvorani koju sam platila, Itan je podigao \u010da\u0161u i rekao:<\/p>\n\n\n\n<blockquote class=\"wp-block-quote is-layout-flow wp-block-quote-is-layout-flow\">\n<p>\u201c\u017delim da se zahvalim svojoj pravoj majci.\u201d<\/p>\n<\/blockquote>\n\n\n\n<p>Okrenuo se prema Kerol. Soba se zaledila. Bila sam nevidljiva.<\/p>\n\n\n\n<h3 class=\"wp-block-heading\"><strong>Poruka ti\u0161ine i poni\u017eenja<\/strong><\/h3>\n\n\n\n<p>Te ve\u010deri, E\u0161li je sa osmijehom rekla da \u0107e im trebati jo\u0161 novca za ku\u0107u, dodaju\u0107i da \u201c\u017eeni mojih godina ionako ne treba mnogo\u201d. Tih trenutaka ti\u0161ina u meni je prestala.<\/p>\n\n\n\n<h3 class=\"wp-block-heading\"><strong>Otkrivanje mo\u0107nog naslje\u0111a<\/strong><\/h3>\n\n\n\n<p>Sutradan sam prona\u0161la dokumente svog pokojnog oca \u2013 nekretnine i investicije vrijedne <strong>840.000 dolara<\/strong>. Itan nije znao da sam naslijedila bogatstvo, vjerovao je da sam siroma\u0161na.<\/p>\n\n\n\n<p>Odlu\u010dila sam:<\/p>\n\n\n\n<ul class=\"wp-block-list\">\n<li><strong>Ukloniti Itana iz testamenta<\/strong><\/li>\n\n\n\n<li>Sva sredstva preusmjeriti u <strong>fondaciju za \u017eene koje same odgajaju djecu<\/strong><\/li>\n\n\n\n<li>Promijeniti punomo\u0107je i zdravstvenu direktivu<\/li>\n<\/ul>\n\n\n\n<blockquote class=\"wp-block-quote is-layout-flow wp-block-quote-is-layout-flow\">\n<p>\u201cAko ja nisam njegova majka, onda on nema pravo da naslje\u0111uje od mene kao da jesam,\u201d rekla sam advokatu.<\/p>\n<\/blockquote>\n\n\n\n<h3 class=\"wp-block-heading\"><strong>Novi \u017eivot i granice<\/strong><\/h3>\n\n\n\n<p>Uselila sam se u luksuzni penthaus u centru grada. Kada je Itan poku\u0161ao manipulaciju, odgovorila sam hladno:<\/p>\n\n\n\n<blockquote class=\"wp-block-quote is-layout-flow wp-block-quote-is-layout-flow\">\n<p>\u201cZa sve informacije obrati se mom advokatu.\u201d<\/p>\n<\/blockquote>\n\n\n\n<p>Shvatila sam da ljubav koju pregovarate nakon decenija \u017ertve nije ljubav \u2013 to je pohlepa.<\/p>\n\n\n\n<h3 class=\"wp-block-heading\"><strong>Sloboda u Barseloni<\/strong><\/h3>\n\n\n\n<p>Danas \u017eivim u Barseloni, gledam Mediteran i vodim fondaciju koja poma\u017ee \u017eenama poput mene \u2013 onima koje su dale sve, a bile nevidljive. Na svoj 71. ro\u0111endan shvatila sam:<\/p>\n\n\n\n<ul class=\"wp-block-list\">\n<li>Ljubav nikada ne bi smjela zahtijevati poni\u017eenje.<\/li>\n\n\n\n<li>Porodica ne smije tra\u017eiti ti\u0161inu.<\/li>\n\n\n\n<li>Maj\u010dinstvo ne zna\u010di mu\u010deni\u0161tvo.<\/li>\n<\/ul>\n\n\n\n<p>Dala sam mu <strong>45 godina svog \u017eivota<\/strong>. Ostatak sam dala sebi. I to je bio trenutak kada me je zaista izgubio.<\/p>\n","protected":false},"excerpt":{"rendered":"<p>\u017divot posve\u0107en sinu Moje ime je Stefani. Imam sedamdeset godina i cijeli \u017eivot sam \u0161tedjela, radila dva posla i odricala se svega da bih svom sinu Itanu pru\u017eila sve. Usvojila sam ga kada je imao pet godina \u2013 bio je tiho, prepla\u0161eno dijete s o\u010dima starijim od svog tijela. Decenijama je moj \u017eivot bio podre\u0111en [&hellip;]<\/p>\n","protected":false},"author":1,"featured_media":67413,"comment_status":"closed","ping_status":"closed","sticky":false,"template":"","format":"standard","meta":{"footnotes":""},"categories":[12],"tags":[],"class_list":["post-67412","post","type-post","status-publish","format-standard","has-post-thumbnail","hentry","category-ispovijest"],"_links":{"self":[{"href":"https:\/\/vaterpolosrbija.rs\/index.php?rest_route=\/wp\/v2\/posts\/67412","targetHints":{"allow":["GET"]}}],"collection":[{"href":"https:\/\/vaterpolosrbija.rs\/index.php?rest_route=\/wp\/v2\/posts"}],"about":[{"href":"https:\/\/vaterpolosrbija.rs\/index.php?rest_route=\/wp\/v2\/types\/post"}],"author":[{"embeddable":true,"href":"https:\/\/vaterpolosrbija.rs\/index.php?rest_route=\/wp\/v2\/users\/1"}],"replies":[{"embeddable":true,"href":"https:\/\/vaterpolosrbija.rs\/index.php?rest_route=%2Fwp%2Fv2%2Fcomments&post=67412"}],"version-history":[{"count":0,"href":"https:\/\/vaterpolosrbija.rs\/index.php?rest_route=\/wp\/v2\/posts\/67412\/revisions"}],"wp:featuredmedia":[{"embeddable":true,"href":"https:\/\/vaterpolosrbija.rs\/index.php?rest_route=\/wp\/v2\/media\/67413"}],"wp:attachment":[{"href":"https:\/\/vaterpolosrbija.rs\/index.php?rest_route=%2Fwp%2Fv2%2Fmedia&parent=67412"}],"wp:term":[{"taxonomy":"category","embeddable":true,"href":"https:\/\/vaterpolosrbija.rs\/index.php?rest_route=%2Fwp%2Fv2%2Fcategories&post=67412"},{"taxonomy":"post_tag","embeddable":true,"href":"https:\/\/vaterpolosrbija.rs\/index.php?rest_route=%2Fwp%2Fv2%2Ftags&post=67412"}],"curies":[{"name":"wp","href":"https:\/\/api.w.org\/{rel}","templated":true}]}}