{"id":67409,"date":"2026-02-02T23:32:46","date_gmt":"2026-02-02T21:32:46","guid":{"rendered":"https:\/\/kvalitetvremena.com\/?p=67409"},"modified":"2026-02-02T23:32:46","modified_gmt":"2026-02-02T21:32:46","slug":"rodendanski-paketic-koji-je-skoro-unistio-nas-zivot","status":"publish","type":"post","link":"https:\/\/vaterpolosrbija.rs\/?p=67409","title":{"rendered":"Ro\u0111endanski paketi\u0107 koji je skoro uni\u0161tio na\u0161 \u017eivot"},"content":{"rendered":"\n<p>Jutro 11. ro\u0111endana moje k\u0107erke Lili po\u010delo je veselo: baloni su lebdjeli pod plafonom, \u010dokoladna torta je blago nakrivljena, a dje\u010dji smijeh je ispunjavao sobu. U tom uzrastu, djeca vjeruju da su ro\u0111endani magi\u010dni \u2013 ali tog dana magija se pretvorila u no\u0107nu moru.<\/p>\n\n\n\n<h3 class=\"wp-block-heading\"><strong>Dolazak svekrve i \u201epoklon iznena\u0111enja\u201c<\/strong><\/h3>\n\n\n\n<p>Zabava je bila na vrhuncu kada je stigla moja svekrva, Dijana. Savr\u0161eno dotjerana, s osmijehom koji je izgledao prijateljski, pru\u017eila je Lili kutiju u blijedoru\u017ei\u010dastom papiru. Pogledala me hladno, prora\u010dunato.<\/p>\n\n\n\n<p>Unutra je bila srebrna narukvica i presavijena poruka. \u010cim ju je Lili pro\u010ditala, njeno lice je pobijelilo. Koljena su joj zaklecala i sru\u0161ila se u moje naru\u010dje. Disanje plitko, ko\u017ea hladna. Moj suprug Mark je odmah otr\u010dao s njom u bolnicu. Dijana? Mirna. Nepomi\u010dna.<\/p>\n\n\n\n<h3 class=\"wp-block-heading\"><strong>Policija, advokati i optu\u017eba<\/strong><\/h3>\n\n\n\n<p>Sati u hitnoj bili su magloviti od straha. Kada se Mark vratio, nije bio sam \u2013 iza njega su kora\u010dali policajci i advokati. Fascikla u njegovim rukama nosila je Lilino ime i rije\u010di koje nijedna majka ne \u017eeli vidjeti: <strong>privremeno starateljstvo i istraga o ugro\u017eavanju djeteta<\/strong>.<\/p>\n\n\n\n<p>Navodilo se da sam navodno izlo\u017eila Lili sedativima i da sam emocionalno nestabilna. Dijana je tvrdila da ima \u201edokaze\u201c i da je moja maj\u010dinska uloga rizi\u010dna.<\/p>\n\n\n\n<h3 class=\"wp-block-heading\"><strong>Preokret<\/strong><\/h3>\n\n\n\n<p>Ali tada je medicinska sestra donijela zape\u010da\u0107enu vre\u0107icu \u2013 istu kutijicu i poruku. Testiranja su pokazala tragove supstance\u2026 ali ne moje, nego Dijanine. Otisci prstiju, hemijski testovi i sigurnosni snimci sve su razjasnili.<\/p>\n\n\n\n<h3 class=\"wp-block-heading\"><strong>Poruka koja je bila oru\u017eje<\/strong><\/h3>\n\n\n\n<p>Kasnije, Lili mi je \u0161apnula ono \u0161to je zaista bolelo:<\/p>\n\n\n\n<blockquote class=\"wp-block-quote is-layout-flow wp-block-quote-is-layout-flow\">\n<p>\u201eMama, u poruci je pisalo da ti nisi moja prava mama.\u201c<\/p>\n<\/blockquote>\n\n\n\n<p>Narukvica nije bila problem. Nije ni supstanca. Bio je to poku\u0161aj da poljulja njeno povjerenje i na\u0161u vezu.<\/p>\n\n\n\n<h3 class=\"wp-block-heading\"><strong>Lekcija<\/strong><\/h3>\n\n\n\n<p>Nau\u010dila sam da prijetnja ne dolazi uvijek spolja \u2013 ponekad sjedi za stolom, s poliranim osmijehom. Ali kad znate ko ste i \u0161ta nikada ne biste u\u010dinili, mo\u017eete se odupreti la\u017eima i manipulacijama. Ja sam njena majka \u2013 i nijedna poruka to ne mo\u017ee promijeniti.<\/p>\n","protected":false},"excerpt":{"rendered":"<p>Jutro 11. ro\u0111endana moje k\u0107erke Lili po\u010delo je veselo: baloni su lebdjeli pod plafonom, \u010dokoladna torta je blago nakrivljena, a dje\u010dji smijeh je ispunjavao sobu. U tom uzrastu, djeca vjeruju da su ro\u0111endani magi\u010dni \u2013 ali tog dana magija se pretvorila u no\u0107nu moru. Dolazak svekrve i \u201epoklon iznena\u0111enja\u201c Zabava je bila na vrhuncu kada [&hellip;]<\/p>\n","protected":false},"author":1,"featured_media":67410,"comment_status":"closed","ping_status":"closed","sticky":false,"template":"","format":"standard","meta":{"footnotes":""},"categories":[12],"tags":[],"class_list":["post-67409","post","type-post","status-publish","format-standard","has-post-thumbnail","hentry","category-ispovijest"],"_links":{"self":[{"href":"https:\/\/vaterpolosrbija.rs\/index.php?rest_route=\/wp\/v2\/posts\/67409","targetHints":{"allow":["GET"]}}],"collection":[{"href":"https:\/\/vaterpolosrbija.rs\/index.php?rest_route=\/wp\/v2\/posts"}],"about":[{"href":"https:\/\/vaterpolosrbija.rs\/index.php?rest_route=\/wp\/v2\/types\/post"}],"author":[{"embeddable":true,"href":"https:\/\/vaterpolosrbija.rs\/index.php?rest_route=\/wp\/v2\/users\/1"}],"replies":[{"embeddable":true,"href":"https:\/\/vaterpolosrbija.rs\/index.php?rest_route=%2Fwp%2Fv2%2Fcomments&post=67409"}],"version-history":[{"count":0,"href":"https:\/\/vaterpolosrbija.rs\/index.php?rest_route=\/wp\/v2\/posts\/67409\/revisions"}],"wp:featuredmedia":[{"embeddable":true,"href":"https:\/\/vaterpolosrbija.rs\/index.php?rest_route=\/wp\/v2\/media\/67410"}],"wp:attachment":[{"href":"https:\/\/vaterpolosrbija.rs\/index.php?rest_route=%2Fwp%2Fv2%2Fmedia&parent=67409"}],"wp:term":[{"taxonomy":"category","embeddable":true,"href":"https:\/\/vaterpolosrbija.rs\/index.php?rest_route=%2Fwp%2Fv2%2Fcategories&post=67409"},{"taxonomy":"post_tag","embeddable":true,"href":"https:\/\/vaterpolosrbija.rs\/index.php?rest_route=%2Fwp%2Fv2%2Ftags&post=67409"}],"curies":[{"name":"wp","href":"https:\/\/api.w.org\/{rel}","templated":true}]}}