{"id":67396,"date":"2026-02-02T22:37:53","date_gmt":"2026-02-02T20:37:53","guid":{"rendered":"https:\/\/kvalitetvremena.com\/?p=67396"},"modified":"2026-02-02T22:37:53","modified_gmt":"2026-02-02T20:37:53","slug":"kada-sumnja-ustupi-mesto-istini-prica-o-poverenju-strahu-i-roditeljskoj-brizi","status":"publish","type":"post","link":"https:\/\/vaterpolosrbija.rs\/?p=67396","title":{"rendered":"Kada sumnja ustupi mesto istini: pri\u010da o poverenju, strahu i roditeljskoj brizi"},"content":{"rendered":"\n<p>Zovem se Caroline \u201cCarrie\u201d Mitchell, imam trideset dve godine i \u017eivim u Portlandu, u Oregonu. Oduvek sam verovala da sam dobra majka. Nakon razvoda, dovela sam ku\u0107i svoju malu \u0107erku i obe\u0107ala sebi da \u0107u je \u0161tititi koliko god mogu.<\/p>\n\n\n\n<p>Tri godine kasnije upoznala sam Evana Brooksa \u2014 smirenog, pa\u017eljivog \u010doveka koji je, poput mene, znao \u0161ta zna\u010di zapo\u010deti ispo\u010detka. Bio je strpljiv i nikada nije u\u010dinio da se moja \u0107erka, Ema, ose\u0107a zapostavljeno ili neprihva\u0107eno. Verovala sam da smo, posle mnogo izazova, kona\u010dno prona\u0161le mir.<\/p>\n\n\n\n<h3 class=\"wp-block-heading\">Kada se pojavi neobja\u0161njiva briga<\/h3>\n\n\n\n<p>Ema je ove godine napunila sedam godina. Oduvek je imala problema sa snom. Budila se no\u0107u, ponekad pla\u010du\u0107i, ponekad zbunjena, bez jasnog razloga. Nadala sam se da \u0107e se, uz stabilniju porodi\u010dnu rutinu, ti problemi postepeno smanjiti. Me\u0111utim, nisu nestali.<\/p>\n\n\n\n<p>Vremenom sam primetila da se Evan tokom no\u0107i ponekad diskretno povla\u010di iz na\u0161e spava\u0107e sobe. Kada sam ga pitala, objasnio je da mu je lak\u0161e da spava na drugom mestu zbog bolova u le\u0111ima. Njegov odgovor je bio smiren i logi\u010dan.<\/p>\n\n\n\n<p>Ipak, jedne no\u0107i sam primetila da nije tamo gde sam o\u010dekivala. Nalazio se u Eminoj sobi, sede\u0107i pored njenog kreveta, tiho i pa\u017eljivo, dok se ona nemirno prevrtala u snu.<\/p>\n\n\n\n<h3 class=\"wp-block-heading\">Potreba za razumevanjem, a ne osudom<\/h3>\n\n\n\n<p>U meni se probudio strah \u2014 ne iz nepoverenja, ve\u0107 iz duboke roditeljske brige. Odlu\u010dila sam da potra\u017eim odgovore na jedini na\u010din koji sam tada smatrala mogu\u0107im: da bolje razumem \u0161ta se de\u0161ava sa mojim detetom tokom no\u0107i.<\/p>\n\n\n\n<p>Postavila sam kameru u sobi, ne da bih nekoga optu\u017eila, ve\u0107 da bih pratila Emin san i eventualne neobi\u010dne obrasce. Te no\u0107i sam pregledala snimak.<\/p>\n\n\n\n<p>Videla sam Emu kako se budi, deluje dezorijentisano i hoda po sobi, bez pune svesti. Nekoliko minuta kasnije, Evan je u\u0161ao, smireno i bez panike, ne\u017eno joj govorio i pomogao joj da se ponovo smiri i vrati u krevet.<\/p>\n\n\n\n<h3 class=\"wp-block-heading\">Odgovor koji je doneo olak\u0161anje<\/h3>\n\n\n\n<p>Slede\u0107eg dana sam snimak pokazala pedijatru. Nakon pa\u017eljivog pregleda, objasnio mi je da se radi o epizodama hodanja u snu, koje se kod dece \u010desto javljaju kao posledica ranog emocionalnog stresa ili nesigurnosti.<\/p>\n\n\n\n<p>Postavio mi je pitanje koje me je zateklo: da li je Ema ikada u ranom detinjstvu bila du\u017ee odvojena od mene. Tada sam se setila perioda nakon razvoda, kada sam je, zbog okolnosti, morala ostaviti kod svoje majke na du\u017ee vreme. Bila je mala i zbunjena \u2014 a ja nisam tada shvatala koliki trag to mo\u017ee ostaviti.<\/p>\n\n\n\n<h3 class=\"wp-block-heading\">Istina koja je promenila pogled<\/h3>\n\n\n\n<p>Shvatila sam da je Evan, umesto da ignori\u0161e problem, nau\u010dio kako da reaguje mirno i pa\u017eljivo. Pratio je Emin san, ostajao budan kada je bilo potrebno i pru\u017eao joj sigurnost bez buke i dramatizacije. Nikada mi nije prigovorio zbog moje zabrinutosti, niti se branio \u2014 samo je bio tu.<\/p>\n\n\n\n<p>Kada sam to u potpunosti razumela, osetila sam olak\u0161anje, ali i duboku zahvalnost.<\/p>\n\n\n\n<h3 class=\"wp-block-heading\">Dom u kojem vlada sigurnost<\/h3>\n\n\n\n<p>Skinula sam kameru i zagrlila Emu. Tog trenutka shvatila sam da nismo same i da podr\u0161ka ponekad dolazi tiho, bez velikih re\u010di.<\/p>\n\n\n\n<p>Danas, no\u0107i su mirnije. Uspostavili smo rutinu u kojoj se Ema ose\u0107a bezbedno, a mi smo prisutni i pa\u017eljivi. Nau\u010dila sam da poverenje i komunikacija moraju i\u0107i ruku pod ruku.<\/p>\n\n\n\n<h3 class=\"wp-block-heading\">Lekcija koju nosim sa sobom<\/h3>\n\n\n\n<p>Neki ljudi ne dolaze u na\u0161 \u017eivot da zamene nekoga iz pro\u0161losti, ve\u0107 da pomognu da se zale\u010de stare rane. Ono \u0161to sam tra\u017eila kao dokaz sumnje, pretvorilo se u potvrdu strpljenja, brige i odgovornosti.<\/p>\n\n\n\n<p>Shvatila sam da roditeljstvo ne zna\u010di uvek imati sve odgovore \u2014 ve\u0107 imati hrabrost da ih potra\u017eimo, sa otvorenim srcem.<\/p>\n","protected":false},"excerpt":{"rendered":"<p>Zovem se Caroline \u201cCarrie\u201d Mitchell, imam trideset dve godine i \u017eivim u Portlandu, u Oregonu. Oduvek sam verovala da sam dobra majka. Nakon razvoda, dovela sam ku\u0107i svoju malu \u0107erku i obe\u0107ala sebi da \u0107u je \u0161tititi koliko god mogu. Tri godine kasnije upoznala sam Evana Brooksa \u2014 smirenog, pa\u017eljivog \u010doveka koji je, poput mene, [&hellip;]<\/p>\n","protected":false},"author":1,"featured_media":67401,"comment_status":"closed","ping_status":"closed","sticky":false,"template":"","format":"standard","meta":{"footnotes":""},"categories":[12],"tags":[],"class_list":["post-67396","post","type-post","status-publish","format-standard","has-post-thumbnail","hentry","category-ispovijest"],"_links":{"self":[{"href":"https:\/\/vaterpolosrbija.rs\/index.php?rest_route=\/wp\/v2\/posts\/67396","targetHints":{"allow":["GET"]}}],"collection":[{"href":"https:\/\/vaterpolosrbija.rs\/index.php?rest_route=\/wp\/v2\/posts"}],"about":[{"href":"https:\/\/vaterpolosrbija.rs\/index.php?rest_route=\/wp\/v2\/types\/post"}],"author":[{"embeddable":true,"href":"https:\/\/vaterpolosrbija.rs\/index.php?rest_route=\/wp\/v2\/users\/1"}],"replies":[{"embeddable":true,"href":"https:\/\/vaterpolosrbija.rs\/index.php?rest_route=%2Fwp%2Fv2%2Fcomments&post=67396"}],"version-history":[{"count":0,"href":"https:\/\/vaterpolosrbija.rs\/index.php?rest_route=\/wp\/v2\/posts\/67396\/revisions"}],"wp:featuredmedia":[{"embeddable":true,"href":"https:\/\/vaterpolosrbija.rs\/index.php?rest_route=\/wp\/v2\/media\/67401"}],"wp:attachment":[{"href":"https:\/\/vaterpolosrbija.rs\/index.php?rest_route=%2Fwp%2Fv2%2Fmedia&parent=67396"}],"wp:term":[{"taxonomy":"category","embeddable":true,"href":"https:\/\/vaterpolosrbija.rs\/index.php?rest_route=%2Fwp%2Fv2%2Fcategories&post=67396"},{"taxonomy":"post_tag","embeddable":true,"href":"https:\/\/vaterpolosrbija.rs\/index.php?rest_route=%2Fwp%2Fv2%2Ftags&post=67396"}],"curies":[{"name":"wp","href":"https:\/\/api.w.org\/{rel}","templated":true}]}}