{"id":67393,"date":"2026-02-02T21:46:23","date_gmt":"2026-02-02T19:46:23","guid":{"rendered":"https:\/\/kvalitetvremena.com\/?p=67393"},"modified":"2026-02-02T21:46:23","modified_gmt":"2026-02-02T19:46:23","slug":"lekcija-o-snazi-postovanju-i-podrsci-koju-nisam-ocekivala","status":"publish","type":"post","link":"https:\/\/vaterpolosrbija.rs\/?p=67393","title":{"rendered":"Lekcija o snazi, po\u0161tovanju i podr\u0161ci koju nisam o\u010dekivala"},"content":{"rendered":"\n<p>Bila sam u osmom mjesecu trudno\u0107e kada sam zamolila supruga da mi pomogne unijeti namirnice uz stepenice. Nije to bio poseban niti zahtjevan trenutak. Nisam povisila glas, nisam se \u017ealila. Samo sam stajala tamo, sa bolnim le\u0111ima i ote\u010denim stopalima, nose\u0107i kese pune svakodnevnih potrep\u0161tina \u2013 mlijeka, ri\u017ee, povr\u0107a i vitamina. To su bile obi\u010dne stvari, ali u tom trenutku predstavljale su teret koji nisam trebala nositi sama.<\/p>\n\n\n\n<p>Vjerovala sam da je razumno zatra\u017eiti pomo\u0107. Ne samo zbog trudno\u0107e, ve\u0107 zato \u0161to sam brak uvijek do\u017eivljavala kao prostor uzajamne podr\u0161ke. Moj suprug je, me\u0111utim, stajao na vratima, neodlu\u010dan. Prije nego \u0161to je i\u0161ta rekao, iz kuhinje se za\u010duo glas njegove majke. Rekla je da trudno\u0107a nije bolest i da se svijet ne prilago\u0111ava pojedina\u010dnim okolnostima.<\/p>\n\n\n\n<p>Te rije\u010di nisu bile izgovorene glasno, ali su ostavile sna\u017ean utisak. Moj suprug nije reagovao. Nije me pogledao niti poku\u0161ao objasniti situaciju. Samo je kratko klimnuo glavom. U tom trenutku sam shvatila da ne mogu o\u010dekivati podr\u0161ku i po\u010dela sam sama unositi kese.<\/p>\n\n\n\n<h3 class=\"wp-block-heading\">Ti\u0161ina koja govori vi\u0161e od rije\u010di<\/h3>\n\n\n\n<p>Svaki korak uz stepenice bio je naporan, ali ne samo fizi\u010dki. Vi\u0161e od umora, osje\u0107ala sam razo\u010daranje. Te ve\u010deri nisam mogla zaspati. Razmi\u0161ljala sam o tome kako je mogu\u0107e osje\u0107ati se usamljeno u ku\u0107i u kojoj nisi sam. Nisam tra\u017eila poseban tretman, ve\u0107 razumijevanje i osnovno po\u0161tovanje.<\/p>\n\n\n\n<p>Sljede\u0107eg jutra, rano, za\u010dulo se kucanje na vrata. Bilo je neo\u010dekivano i uporno. Kada je suprug otvorio, ispred ku\u0107e su stajali njegov otac i dva brata. Njihovi dolasci su bili rijetki, pa je njihovo prisustvo odmah unijelo nelagodu i ti\u0161inu u ku\u0107u.<\/p>\n\n\n\n<h3 class=\"wp-block-heading\">Razgovor koji je promijenio pogled na stvari<\/h3>\n\n\n\n<p>Moj svekar je u\u0161ao i obratio mi se smirenim, ali ozbiljnim tonom. Rekao je da je do\u0161ao da se izvini zbog situacije od prethodnog dana. Objasnio je da je \u010duo \u0161ta se dogodilo i da smatra da pona\u0161anje u toj situaciji nije bilo u skladu s vrijednostima koje je \u017eelio prenijeti svojoj porodici.<\/p>\n\n\n\n<p>Govorio je o odgovornosti, brizi i prisutnosti u trenucima kada su najpotrebniji. Istakao je da snaga nije u autoritetu ili rije\u010dima, ve\u0107 u djelima i spremnosti da se preuzme odgovornost. Taj razgovor nije bio ispunjen optu\u017ebama, ve\u0107 jasnim stavovima i granicama.<\/p>\n\n\n\n<p>Na kraju je rekao da razmi\u0161lja o promjenama u svojim budu\u0107im planovima, nagla\u0161avaju\u0107i da \u017eeli da njegovo naslije\u0111e odra\u017eava po\u0161tovanje, odgovornost i me\u0111usobnu podr\u0161ku. Prije nego \u0161to je oti\u0161ao, kratko mi je zahvalio \u0161to se brinem o njegovom unu\u010detu i rekao da vidi trud koji ula\u017eem, \u010dak i kada to drugi ne primijete.<\/p>\n\n\n\n<h3 class=\"wp-block-heading\">Lekcija koja ostaje<\/h3>\n\n\n\n<p>Nakon njihovog odlaska, ku\u0107a je utihnula. Atmosfera je bila druga\u010dija, kao da je ne\u0161to va\u017eno napokon izre\u010deno naglas. Nisam znala kako \u0107e se stvari dalje razvijati, ali sam znala da sam tog dana nau\u010dila va\u017enu lekciju.<\/p>\n\n\n\n<p>Snaga ne mora biti glasna. Ponekad se pokazuje u ti\u0161ini, u dostojanstvu i u sposobnosti da nastavi\u0161 dalje \u010dak i kada podr\u0161ka izostane. A ponekad je dovoljno da se pojavi neko ko ka\u017ee: \u201eVidim te.\u201c<\/p>\n\n\n\n<p>U tom trenutku, to je bilo dovoljno da osjetim mir.<\/p>\n","protected":false},"excerpt":{"rendered":"<p>Bila sam u osmom mjesecu trudno\u0107e kada sam zamolila supruga da mi pomogne unijeti namirnice uz stepenice. Nije to bio poseban niti zahtjevan trenutak. Nisam povisila glas, nisam se \u017ealila. Samo sam stajala tamo, sa bolnim le\u0111ima i ote\u010denim stopalima, nose\u0107i kese pune svakodnevnih potrep\u0161tina \u2013 mlijeka, ri\u017ee, povr\u0107a i vitamina. To su bile obi\u010dne [&hellip;]<\/p>\n","protected":false},"author":1,"featured_media":67394,"comment_status":"closed","ping_status":"closed","sticky":false,"template":"","format":"standard","meta":{"footnotes":""},"categories":[12],"tags":[],"class_list":["post-67393","post","type-post","status-publish","format-standard","has-post-thumbnail","hentry","category-ispovijest"],"_links":{"self":[{"href":"https:\/\/vaterpolosrbija.rs\/index.php?rest_route=\/wp\/v2\/posts\/67393","targetHints":{"allow":["GET"]}}],"collection":[{"href":"https:\/\/vaterpolosrbija.rs\/index.php?rest_route=\/wp\/v2\/posts"}],"about":[{"href":"https:\/\/vaterpolosrbija.rs\/index.php?rest_route=\/wp\/v2\/types\/post"}],"author":[{"embeddable":true,"href":"https:\/\/vaterpolosrbija.rs\/index.php?rest_route=\/wp\/v2\/users\/1"}],"replies":[{"embeddable":true,"href":"https:\/\/vaterpolosrbija.rs\/index.php?rest_route=%2Fwp%2Fv2%2Fcomments&post=67393"}],"version-history":[{"count":0,"href":"https:\/\/vaterpolosrbija.rs\/index.php?rest_route=\/wp\/v2\/posts\/67393\/revisions"}],"wp:featuredmedia":[{"embeddable":true,"href":"https:\/\/vaterpolosrbija.rs\/index.php?rest_route=\/wp\/v2\/media\/67394"}],"wp:attachment":[{"href":"https:\/\/vaterpolosrbija.rs\/index.php?rest_route=%2Fwp%2Fv2%2Fmedia&parent=67393"}],"wp:term":[{"taxonomy":"category","embeddable":true,"href":"https:\/\/vaterpolosrbija.rs\/index.php?rest_route=%2Fwp%2Fv2%2Fcategories&post=67393"},{"taxonomy":"post_tag","embeddable":true,"href":"https:\/\/vaterpolosrbija.rs\/index.php?rest_route=%2Fwp%2Fv2%2Ftags&post=67393"}],"curies":[{"name":"wp","href":"https:\/\/api.w.org\/{rel}","templated":true}]}}