{"id":67371,"date":"2026-02-02T14:42:56","date_gmt":"2026-02-02T12:42:56","guid":{"rendered":"https:\/\/kvalitetvremena.com\/?p=67371"},"modified":"2026-02-02T14:42:56","modified_gmt":"2026-02-02T12:42:56","slug":"zemljotres-u-juznoj-bosni-i-hercegovini-sta-se-zna-o-potresu-i-kako-se-pravilno-ponasati","status":"publish","type":"post","link":"https:\/\/vaterpolosrbija.rs\/?p=67371","title":{"rendered":"Zemljotres u ju\u017enoj Bosni i Hercegovini: \u0160ta se zna o potresu i kako se pravilno pona\u0161ati"},"content":{"rendered":"\n<p>U ju\u017enom dijelu Bosne i Hercegovine zabilje\u017een je zemljotres ja\u010dine 3,2 stepena po Richterovoj skali, koji je uznemirio stanovnike \u0161ire regije. Prema dostupnim podacima, epicentar potresa nalazio se oko dvadeset kilometara sjeverozapadno od Mostara, na dubini od pribli\u017eno deset kilometara.<\/p>\n\n\n\n<p>Potres se osjetio u vi\u0161e hercegova\u010dkih gradova, a podrhtavanje tla prijavili su i gra\u0111ani susjedne Hrvatske. Iako se radi o zemljotresu slabijeg do umjerenog intenziteta, brojni stanovnici su naveli da je bio jasno primjetan.<\/p>\n\n\n\n<h3 class=\"wp-block-heading\">Iskustva gra\u0111ana sa terena<\/h3>\n\n\n\n<p>Prema izjavama gra\u0111ana, zemljotres je trajao tri do \u010detiri sekunde. Mnogi navode da su osjetili kratko, ali naglo podrhtavanje tla, pomjeranje predmeta u prostoriji ili blago ljuljanje. U ve\u0107ini slu\u010dajeva nije bilo materijalne \u0161tete niti povrije\u0111enih, ali je sam doga\u0111aj izazvao nelagodu i zabrinutost, posebno kod ljudi koji \u017eive u vi\u0161espratnicama.<\/p>\n\n\n\n<h3 class=\"wp-block-heading\">Za\u0161to su ovakvi zemljotresi \u010desti u ovom podru\u010dju<\/h3>\n\n\n\n<p>Bosna i Hercegovina se nalazi u seizmi\u010dki aktivnom podru\u010dju, posebno njen ju\u017eni dio. Manji zemljotresi, poput ovog, relativno su \u010desta pojava i uglavnom ne izazivaju ozbiljne posljedice. Ipak, oni podsje\u0107aju na va\u017enost informisanosti i spremnosti stanovni\u0161tva.<\/p>\n\n\n\n<p>Zemljotresi ove ja\u010dine naj\u010de\u0161\u0107e ne uzrokuju ve\u0107a o\u0161te\u0107enja, ali mogu biti upozorenje na kretanje tektonskih plo\u010da u regiji.<\/p>\n\n\n\n<h3 class=\"wp-block-heading\">Kako se pona\u0161ati tokom i nakon slabijeg zemljotresa<\/h3>\n\n\n\n<p>Iako je rije\u010d o slabijem potresu, preporu\u010duje se pridr\u017eavanje osnovnih sigurnosnih smjernica:<\/p>\n\n\n\n<ul class=\"wp-block-list\">\n<li>Ostati smiren i ne pani\u010diti<\/li>\n\n\n\n<li>U zatvorenom prostoru skloniti se ispod \u010dvrstog stola ili uz nose\u0107i zid<\/li>\n\n\n\n<li>Izbjegavati prozore, lustere i police koje mogu pasti<\/li>\n\n\n\n<li>Nakon prestanka potresa provjeriti da li ima o\u0161te\u0107enja i po potrebi isklju\u010diti struju ili plin<\/li>\n\n\n\n<li>Informacije pratiti putem pouzdanih izvora i zvani\u010dnih saop\u0161tenja<\/li>\n<\/ul>\n\n\n\n<h3 class=\"wp-block-heading\">Zaklju\u010dak<\/h3>\n\n\n\n<p>Zemljotres koji je pogodio jug Bosne i Hercegovine jo\u0161 jednom je pokazao da su ovakve prirodne pojave dio svakodnevice u ovom podru\u010dju. Iako nije izazvao ve\u0107u \u0161tetu, va\u017eno je podsjetiti se osnovnih pravila sigurnosti i ostati informisan.<\/p>\n\n\n\n<p>Pravovremena i ta\u010dna informacija, kao i mirna reakcija, klju\u010dni su faktori u smanjenju rizika i osje\u0107aja nesigurnosti kada se ovakvi doga\u0111aji dogode.<\/p>\n","protected":false},"excerpt":{"rendered":"<p>U ju\u017enom dijelu Bosne i Hercegovine zabilje\u017een je zemljotres ja\u010dine 3,2 stepena po Richterovoj skali, koji je uznemirio stanovnike \u0161ire regije. Prema dostupnim podacima, epicentar potresa nalazio se oko dvadeset kilometara sjeverozapadno od Mostara, na dubini od pribli\u017eno deset kilometara. Potres se osjetio u vi\u0161e hercegova\u010dkih gradova, a podrhtavanje tla prijavili su i gra\u0111ani susjedne [&hellip;]<\/p>\n","protected":false},"author":1,"featured_media":67372,"comment_status":"closed","ping_status":"closed","sticky":false,"template":"","format":"standard","meta":{"footnotes":""},"categories":[10],"tags":[],"class_list":["post-67371","post","type-post","status-publish","format-standard","has-post-thumbnail","hentry","category-zanimljivosti"],"_links":{"self":[{"href":"https:\/\/vaterpolosrbija.rs\/index.php?rest_route=\/wp\/v2\/posts\/67371","targetHints":{"allow":["GET"]}}],"collection":[{"href":"https:\/\/vaterpolosrbija.rs\/index.php?rest_route=\/wp\/v2\/posts"}],"about":[{"href":"https:\/\/vaterpolosrbija.rs\/index.php?rest_route=\/wp\/v2\/types\/post"}],"author":[{"embeddable":true,"href":"https:\/\/vaterpolosrbija.rs\/index.php?rest_route=\/wp\/v2\/users\/1"}],"replies":[{"embeddable":true,"href":"https:\/\/vaterpolosrbija.rs\/index.php?rest_route=%2Fwp%2Fv2%2Fcomments&post=67371"}],"version-history":[{"count":0,"href":"https:\/\/vaterpolosrbija.rs\/index.php?rest_route=\/wp\/v2\/posts\/67371\/revisions"}],"wp:featuredmedia":[{"embeddable":true,"href":"https:\/\/vaterpolosrbija.rs\/index.php?rest_route=\/wp\/v2\/media\/67372"}],"wp:attachment":[{"href":"https:\/\/vaterpolosrbija.rs\/index.php?rest_route=%2Fwp%2Fv2%2Fmedia&parent=67371"}],"wp:term":[{"taxonomy":"category","embeddable":true,"href":"https:\/\/vaterpolosrbija.rs\/index.php?rest_route=%2Fwp%2Fv2%2Fcategories&post=67371"},{"taxonomy":"post_tag","embeddable":true,"href":"https:\/\/vaterpolosrbija.rs\/index.php?rest_route=%2Fwp%2Fv2%2Ftags&post=67371"}],"curies":[{"name":"wp","href":"https:\/\/api.w.org\/{rel}","templated":true}]}}