{"id":67346,"date":"2026-02-01T12:51:50","date_gmt":"2026-02-01T10:51:50","guid":{"rendered":"https:\/\/kvalitetvremena.com\/?p=67346"},"modified":"2026-02-01T12:51:50","modified_gmt":"2026-02-01T10:51:50","slug":"pun-mjesec-u-lavu-1-februara-snjezni-mjesec-donosi-emotivnu-kulminaciju-i-vazne-odluke","status":"publish","type":"post","link":"https:\/\/vaterpolosrbija.rs\/?p=67346","title":{"rendered":"Pun Mjesec u Lavu 1. februara: Snje\u017eni Mjesec donosi emotivnu kulminaciju i va\u017ene odluke"},"content":{"rendered":"\n<p>Pun Mjesec, poznat i kao <strong>Snje\u017eni Mjesec<\/strong>, o\u010dekuje nas <strong>1. februara<\/strong> u vatrenom znaku <strong>Lava<\/strong>, a njegov utjecaj osjetit \u0107e se naredne <strong>dvije sedmice<\/strong>. Ovaj astrolo\u0161ki doga\u0111aj simbolizira <strong>zavr\u0161etak jedne va\u017ene \u017eivotne faze<\/strong>, ali i po\u010detak dubljeg razumijevanja sebe i svojih potreba.<\/p>\n\n\n\n<p>Najizra\u017eeniji utjecaj Punog Mjeseca u Lavu osjetit \u0107e <strong>Lavovi, Bikovi, Vodolije i \u0160korpije<\/strong>, ali energija ovog lunarnog ciklusa doti\u010de sve znakove, posebno kroz emocije, odnose i li\u010dni identitet.<\/p>\n\n\n\n<hr class=\"wp-block-separator has-alpha-channel-opacity\"\/>\n\n\n\n<h3 class=\"wp-block-heading\">\u0160ta simbolizira Snje\u017eni Mjesec?<\/h3>\n\n\n\n<p>Snje\u017eni Mjesec nosi ime iz tradicionalnih kalendara i povezuje se s periodom ti\u0161ine, introspekcije i unutra\u0161njeg sazrijevanja. U kombinaciji sa znakom Lava, on donosi sna\u017enu potrebu da se <strong>emocije izraze jasno, otvoreno i bez zadr\u0161ke<\/strong>.<\/p>\n\n\n\n<p>Ovo je vrijeme kada vi\u0161e nije mogu\u0107e potiskivati ono \u0161to nosimo u srcu. Sve \u0161to je bilo zanemareno ili odlagano sada tra\u017ei pa\u017enju.<\/p>\n\n\n\n<hr class=\"wp-block-separator has-alpha-channel-opacity\"\/>\n\n\n\n<h3 class=\"wp-block-heading\">Emocije u prvom planu: potreba za priznanjem i autenti\u010dno\u0161\u0107u<\/h3>\n\n\n\n<p>Pun Mjesec u Lavu poja\u010dava osje\u0107aje vezane za:<\/p>\n\n\n\n<ul class=\"wp-block-list\">\n<li>samopouzdanje<\/li>\n\n\n\n<li>li\u010dnu vrijednost<\/li>\n\n\n\n<li>potrebu da budemo vi\u0111eni i prihva\u0107eni<\/li>\n<\/ul>\n\n\n\n<p>Lav simbolizira hrabrost da budemo ono \u0161to jesmo, bez maski i prilago\u0111avanja drugima. Tokom ovog perioda mnogi \u0107e osjetiti sna\u017ean poriv da jasno izraze svoje stavove, emocije i \u017eelje \u2013 \u010dak i ako to zna\u010di izlazak iz zone komfora.<\/p>\n\n\n\n<hr class=\"wp-block-separator has-alpha-channel-opacity\"\/>\n\n\n\n<h3 class=\"wp-block-heading\">Borba razuma i ponosa<\/h3>\n\n\n\n<p>Jedna od klju\u010dnih tema ovog Punog Mjeseca je <strong>sudar razuma i ponosa<\/strong>. Mo\u017ee do\u0107i do unutra\u0161njih dilema izme\u0111u:<\/p>\n\n\n\n<ul class=\"wp-block-list\">\n<li>potrebe za kontrolom<\/li>\n\n\n\n<li>i \u017eelje da se poka\u017ee prava istina<\/li>\n<\/ul>\n\n\n\n<p>U odnosima se mogu pojaviti situacije koje testiraju na\u0161 ego, ali i u\u010de nas kako da prona\u0111emo balans izme\u0111u samopo\u0161tovanja i razumijevanja drugih.<\/p>\n\n\n\n<hr class=\"wp-block-separator has-alpha-channel-opacity\"\/>\n\n\n\n<h3 class=\"wp-block-heading\">Kulminacija, razotkrivanje i va\u017eni uvidi<\/h3>\n\n\n\n<p>Pun Mjesec uvijek donosi <strong>kulminaciju<\/strong>, a u znaku Lava to zna\u010di da:<\/p>\n\n\n\n<ul class=\"wp-block-list\">\n<li>potisnute emocije izlaze na povr\u0161inu<\/li>\n\n\n\n<li>istine se razotkrivaju<\/li>\n\n\n\n<li>kreativna energija se budi<\/li>\n<\/ul>\n\n\n\n<p>Ovo mo\u017ee biti period va\u017enih razgovora, emotivnih preokreta ili iznenadnih odluka koje mijenjaju pravac u kojem se kre\u0107emo.<\/p>\n\n\n\n<hr class=\"wp-block-separator has-alpha-channel-opacity\"\/>\n\n\n\n<h3 class=\"wp-block-heading\">Savjet za naredne dvije sedmice<\/h3>\n\n\n\n<p>Iako emocije mogu biti sna\u017ene, va\u017eno je <strong>ne donositi ishitrene odluke<\/strong>. Umjesto reakcije u afektu, preporu\u010duje se:<\/p>\n\n\n\n<ul class=\"wp-block-list\">\n<li>svjesno promi\u0161ljanje<\/li>\n\n\n\n<li>slu\u0161anje unutra\u0161njeg glasa<\/li>\n\n\n\n<li>davanje sebi vremena<\/li>\n<\/ul>\n\n\n\n<p>Pun Mjesec u Lavu ne tra\u017ei savr\u0161enstvo \u2013 tra\u017ei <strong>iskrenost prema sebi<\/strong>.<\/p>\n\n\n\n<hr class=\"wp-block-separator has-alpha-channel-opacity\"\/>\n\n\n\n<h3 class=\"wp-block-heading\">Zaklju\u010dak<\/h3>\n\n\n\n<p>Snje\u017eni Mjesec u Lavu donosi priliku da zavr\u0161imo ono \u0161to nas je dugo optere\u0107ivalo i napravimo prostor za autenti\u010dniji \u017eivot. Ovo je vrijeme kada hrabrost, emocije i istina idu ruku pod ruku.<\/p>\n\n\n\n<p>Ako osjetite potrebu da ne\u0161to izgovorite, promijenite ili otpustite \u2013 vjerovatno ste na pravom putu.<\/p>\n","protected":false},"excerpt":{"rendered":"<p>Pun Mjesec, poznat i kao Snje\u017eni Mjesec, o\u010dekuje nas 1. februara u vatrenom znaku Lava, a njegov utjecaj osjetit \u0107e se naredne dvije sedmice. Ovaj astrolo\u0161ki doga\u0111aj simbolizira zavr\u0161etak jedne va\u017ene \u017eivotne faze, ali i po\u010detak dubljeg razumijevanja sebe i svojih potreba. Najizra\u017eeniji utjecaj Punog Mjeseca u Lavu osjetit \u0107e Lavovi, Bikovi, Vodolije i \u0160korpije, [&hellip;]<\/p>\n","protected":false},"author":1,"featured_media":67347,"comment_status":"closed","ping_status":"closed","sticky":false,"template":"","format":"standard","meta":{"footnotes":""},"categories":[14],"tags":[],"class_list":["post-67346","post","type-post","status-publish","format-standard","has-post-thumbnail","hentry","category-region"],"_links":{"self":[{"href":"https:\/\/vaterpolosrbija.rs\/index.php?rest_route=\/wp\/v2\/posts\/67346","targetHints":{"allow":["GET"]}}],"collection":[{"href":"https:\/\/vaterpolosrbija.rs\/index.php?rest_route=\/wp\/v2\/posts"}],"about":[{"href":"https:\/\/vaterpolosrbija.rs\/index.php?rest_route=\/wp\/v2\/types\/post"}],"author":[{"embeddable":true,"href":"https:\/\/vaterpolosrbija.rs\/index.php?rest_route=\/wp\/v2\/users\/1"}],"replies":[{"embeddable":true,"href":"https:\/\/vaterpolosrbija.rs\/index.php?rest_route=%2Fwp%2Fv2%2Fcomments&post=67346"}],"version-history":[{"count":0,"href":"https:\/\/vaterpolosrbija.rs\/index.php?rest_route=\/wp\/v2\/posts\/67346\/revisions"}],"wp:featuredmedia":[{"embeddable":true,"href":"https:\/\/vaterpolosrbija.rs\/index.php?rest_route=\/wp\/v2\/media\/67347"}],"wp:attachment":[{"href":"https:\/\/vaterpolosrbija.rs\/index.php?rest_route=%2Fwp%2Fv2%2Fmedia&parent=67346"}],"wp:term":[{"taxonomy":"category","embeddable":true,"href":"https:\/\/vaterpolosrbija.rs\/index.php?rest_route=%2Fwp%2Fv2%2Fcategories&post=67346"},{"taxonomy":"post_tag","embeddable":true,"href":"https:\/\/vaterpolosrbija.rs\/index.php?rest_route=%2Fwp%2Fv2%2Ftags&post=67346"}],"curies":[{"name":"wp","href":"https:\/\/api.w.org\/{rel}","templated":true}]}}