{"id":67333,"date":"2026-01-27T21:26:01","date_gmt":"2026-01-27T19:26:01","guid":{"rendered":"https:\/\/kvalitetvremena.com\/?p=67333"},"modified":"2026-01-27T21:26:01","modified_gmt":"2026-01-27T19:26:01","slug":"sta-psiholoski-znaci-kada-osoba-pusti-kosu-da-prirodno-osijedi-umjesto-da-je-farba","status":"publish","type":"post","link":"https:\/\/vaterpolosrbija.rs\/?p=67333","title":{"rendered":"\u0160ta psiholo\u0161ki zna\u010di kada osoba pusti kosu da prirodno osijedi umjesto da je farba"},"content":{"rendered":"\n<p>Odluka da se kosa pusti da prirodno posijedi \u010desto ima mnogo dublje zna\u010denje od puke promjene izgleda. Iako se na prvi pogled mo\u017ee \u010diniti kao estetski izbor, u pozadini se nerijetko krije va\u017ena unutra\u0161nja promjena u na\u010dinu na koji osoba do\u017eivljava sebe, starenje i dru\u0161tvena o\u010dekivanja.<\/p>\n\n\n\n<h3 class=\"wp-block-heading\">Prihvatanje umjesto borbe<\/h3>\n\n\n\n<p>Psiholo\u0161ki gledano, prestanak farbanja kose \u010desto ozna\u010dava prelazak iz faze otpora u fazu prihvatanja. Godinama unazad, farbanje kose kod mnogih ljudi nije stvar li\u010dnog ukusa, ve\u0107 poku\u0161aj da se zadr\u017ei slika mla\u0111e verzije sebe. Kada osoba odlu\u010di da prestane, to mo\u017ee zna\u010diti da je spremna da prihvati realnost onakvom kakva jeste, bez stalne potrebe da je ispravlja ili prikriva. Ovakav oblik prihvatanja povezuje se sa boljim emocionalnim zdravljem, jer smanjuje unutra\u0161nji konflikt izme\u0111u onoga \u0161to osoba jeste i onoga \u0161to misli da bi trebalo da bude.<\/p>\n\n\n\n<h3 class=\"wp-block-heading\">Povratak li\u010dnom identitetu<\/h3>\n\n\n\n<p>Kosa je sna\u017eno povezana s identitetom. Kada neko pusti da prirodno sijedi, to \u010desto zna\u010di da ponovo preuzima kontrolu nad sopstvenom slikom o sebi. Umjesto da vrijednost vezuje za mladolikost ili dru\u0161tvene standarde ljepote, osoba po\u010dinje da gradi osje\u0107aj sopstvene vrijednosti na autenti\u010dnosti. Ovaj proces \u010desto ja\u010da samopouzdanje i donosi stabilniji identitet koji ne zavisi od tu\u0111ih mi\u0161ljenja i o\u010dekivanja.<\/p>\n\n\n\n<h3 class=\"wp-block-heading\">Manje anksioznosti i mentalnog optere\u0107enja<\/h3>\n\n\n\n<p>Odr\u017eavanje ofarbane kose zahtijeva stalnu pa\u017enju, planiranje i brigu. Redovni odlasci frizeru, prikrivanje izrasta i stalno posmatranje sopstvenog izgleda mogu psiholo\u0161ki poja\u010davati poruku da je prirodno starenje ne\u0161to \u0161to treba kontrolisati i ispravljati. Kada se osoba odlu\u010di da pusti kosu da prirodno sijedi, \u010desto dolazi do smanjenja anksioznosti vezane za izgled. Mnogi opisuju osje\u0107aj olak\u0161anja, ve\u0107u smirenost i vi\u0161e mentalne energije za stvari koje zaista smatraju va\u017enim.<\/p>\n\n\n\n<h3 class=\"wp-block-heading\">Nova definicija samopouzdanja<\/h3>\n\n\n\n<p>Samopouzdanje koje se zasniva na prikrivanju je krhko, jer zavisi od stalne kontrole i odr\u017eavanja. Suprotno tome, samopouzdanje koje proizlazi iz autenti\u010dnosti mnogo je stabilnije. Prihvatanjem sijede kose osoba \u010desto ja\u010da povjerenje u sebe i poruku da je u redu biti ono \u0161to jeste. Takvo samopouzdanje obi\u010dno je tiho, ali duboko, i te\u017ee ga je poljuljati kritikama ili prolaznim trendovima.<\/p>\n\n\n\n<h3 class=\"wp-block-heading\">Suo\u010davanje s unutra\u0161njim strahom od starenja<\/h3>\n\n\n\n<p>Na dubljem nivou, ova odluka mo\u017ee predstavljati suo\u010davanje s unutra\u0161njim strahom od starenja. Dru\u0161tvo \u010desto \u0161alje poruku da vrijednost opada s godinama, naro\u010dito kada je rije\u010d o izgledu. Dozvoliti da se vide znakovi vremena mo\u017ee zna\u010diti odbacivanje tog uvjerenja. Umjesto srama, osoba mo\u017ee razviti neutralan ili \u010dak pozitivan odnos prema godinama i iskustvu koje one nose.<\/p>\n\n\n\n<h3 class=\"wp-block-heading\">Emocionalna zrelost i integracija<\/h3>\n\n\n\n<p>Iz perspektive psiholo\u0161kog razvoja, prihvatanje sijede kose mo\u017ee simbolizovati emocionalnu zrelost. To je sposobnost da se pro\u0161le, sada\u0161nje i budu\u0107e verzije sebe prihvate kao dio iste cjeline. Umjesto vezivanja isklju\u010divo za mladost ili straha od budu\u0107nosti, osoba priznaje cijeli svoj \u017eivotni put. Ovakva integracija \u010desto je povezana s ve\u0107om samosvije\u0161\u0107u, samosaosje\u0107anjem i unutra\u0161njim mirom.<\/p>\n\n\n\n<h3 class=\"wp-block-heading\">Vi\u0161e od estetske odluke<\/h3>\n\n\n\n<p>Na kraju, odluka da se kosa pusti da prirodno sijedi rijetko je samo pitanje izgleda. Ona je tihi psiholo\u0161ki stav koji govori o samoprihvatanju, autenti\u010dnosti i unutra\u0161njoj stabilnosti. To je pomak od \u017eivota prema spoljnim o\u010dekivanjima ka \u017eivotu u skladu sa sobom. Iako spolja mo\u017ee djelovati suptilno, iznutra ova promjena \u010desto ima dubok i osloba\u0111aju\u0107i uticaj.<\/p>\n","protected":false},"excerpt":{"rendered":"<p>Odluka da se kosa pusti da prirodno posijedi \u010desto ima mnogo dublje zna\u010denje od puke promjene izgleda. Iako se na prvi pogled mo\u017ee \u010diniti kao estetski izbor, u pozadini se nerijetko krije va\u017ena unutra\u0161nja promjena u na\u010dinu na koji osoba do\u017eivljava sebe, starenje i dru\u0161tvena o\u010dekivanja. Prihvatanje umjesto borbe Psiholo\u0161ki gledano, prestanak farbanja kose \u010desto [&hellip;]<\/p>\n","protected":false},"author":1,"featured_media":67334,"comment_status":"closed","ping_status":"closed","sticky":false,"template":"","format":"standard","meta":{"footnotes":""},"categories":[13],"tags":[],"class_list":["post-67333","post","type-post","status-publish","format-standard","has-post-thumbnail","hentry","category-ljepota-i-zdravlje"],"_links":{"self":[{"href":"https:\/\/vaterpolosrbija.rs\/index.php?rest_route=\/wp\/v2\/posts\/67333","targetHints":{"allow":["GET"]}}],"collection":[{"href":"https:\/\/vaterpolosrbija.rs\/index.php?rest_route=\/wp\/v2\/posts"}],"about":[{"href":"https:\/\/vaterpolosrbija.rs\/index.php?rest_route=\/wp\/v2\/types\/post"}],"author":[{"embeddable":true,"href":"https:\/\/vaterpolosrbija.rs\/index.php?rest_route=\/wp\/v2\/users\/1"}],"replies":[{"embeddable":true,"href":"https:\/\/vaterpolosrbija.rs\/index.php?rest_route=%2Fwp%2Fv2%2Fcomments&post=67333"}],"version-history":[{"count":0,"href":"https:\/\/vaterpolosrbija.rs\/index.php?rest_route=\/wp\/v2\/posts\/67333\/revisions"}],"wp:featuredmedia":[{"embeddable":true,"href":"https:\/\/vaterpolosrbija.rs\/index.php?rest_route=\/wp\/v2\/media\/67334"}],"wp:attachment":[{"href":"https:\/\/vaterpolosrbija.rs\/index.php?rest_route=%2Fwp%2Fv2%2Fmedia&parent=67333"}],"wp:term":[{"taxonomy":"category","embeddable":true,"href":"https:\/\/vaterpolosrbija.rs\/index.php?rest_route=%2Fwp%2Fv2%2Fcategories&post=67333"},{"taxonomy":"post_tag","embeddable":true,"href":"https:\/\/vaterpolosrbija.rs\/index.php?rest_route=%2Fwp%2Fv2%2Ftags&post=67333"}],"curies":[{"name":"wp","href":"https:\/\/api.w.org\/{rel}","templated":true}]}}