{"id":67324,"date":"2026-01-27T10:46:43","date_gmt":"2026-01-27T08:46:43","guid":{"rendered":"https:\/\/kvalitetvremena.com\/?p=67324"},"modified":"2026-01-27T10:46:43","modified_gmt":"2026-01-27T08:46:43","slug":"htjeli-su-da-mog-oca-udalje-sa-vjencanja-ali-njegov-govor-je-promijenio-sve","status":"publish","type":"post","link":"https:\/\/vaterpolosrbija.rs\/?p=67324","title":{"rendered":"Htjeli su da mog oca udalje sa vjen\u010danja, ali njegov govor je promijenio sve"},"content":{"rendered":"\n<p>Moj otac me je odgajao sam nakon \u0161to mi je majka umrla. Radio je jedan od najte\u017eih poslova koje mo\u017eete zamisliti, posao koji mnogi ne primje\u0107uju dok je sve \u010disto i uredno. Ipak, zahvaljuju\u0107i njemu, nikada nisam bila gladna, nikada mi nije falilo topline, sigurnosti ni ljubavi. Za mene je on oduvijek bio heroj, bez obzira na to kako su ga drugi gledali.<\/p>\n\n\n\n<p>Na dan mog vjen\u010danja bio je ponosan i nje\u017ean, grlio me i govorio da sam njegova princeza. U tom trenutku, dok sam mislila da je sve savr\u0161eno, roditelji mog mu\u017ea su nam pri\u0161li. Njihov ton je bio hladan i odmjeren. Rekli su da bi, zbog gostiju i poslovnih partnera, bilo prikladnije da moj otac ode. Smatrali su da njegovo prisustvo mo\u017ee izazvati nelagodu.<\/p>\n\n\n\n<p>U meni je sve klju\u010dalo. Bila sam spremna da reagujem, da napravim scenu i da prekinem slavlje ako treba. Ali moj otac me je samo stisnuo za ruku. Smireno je rekao da razumije, ali da ima jednu molbu. Zamolio je da prije odlaska ka\u017ee nekoliko rije\u010di.<\/p>\n\n\n\n<p>Kada je stao za mikrofon, u sali je nastala ti\u0161ina. Moj otac je stajao mirno, uspravno, kao \u010dovjek koji je navikao da nosi teret bez \u017ealjenja. Pogledao je salu punu skupih odijela, nakita i ljudi koji su ga do tog trenutka jedva primje\u0107ivali.<\/p>\n\n\n\n<p>Predstavio se i rekao da ve\u0107 trideset pet godina radi kao komunalni radnik. Govorio je o ranim jutrima, o te\u0161kom radu, o poslu koji se rijetko cijeni. Rekao je da zna da taj posao ne izgleda va\u017eno na papiru, ali da je zahvaljuju\u0107i njemu odgojio k\u0107erku na koju je neizmjerno ponosan.<\/p>\n\n\n\n<p>Zatim je spomenuo moju majku. Rekao je da je umrla mlada i da je tada sebi obe\u0107ao da mi nikada ne\u0107e nedostajati ljubavi i sigurnosti. Govorio je o ve\u010derima kada bi, umoran, sjedio pored mog kreveta dok ne zaspim. Nije tra\u017eio sa\u017ealjenje, samo je govorio istinu.<\/p>\n\n\n\n<p>Pogledao je prema mojim svekru i svekrvi i rekao da razumije njihovu brigu za ugled, ali da se pita kakav je to ugled koji se stidi po\u0161tenog rada. Te rije\u010di su se zadr\u017eale u zraku. Ljudi su postali vidno nelagodni, ali pa\u017eljivi.<\/p>\n\n\n\n<p>Rekao je da nikada nije te\u017eio bogatstvu, ve\u0107 dostojanstvu. Da nije sramota \u010distiti grad, ve\u0107 gaziti ljude. Govorio je tiho, ali svaka rije\u010d je imala te\u017einu. Sala je bila potpuno nijema.<\/p>\n\n\n\n<p>Na kraju se okrenuo prema meni. Rekao je da sam ja dokaz da posao ne defini\u0161e \u010dovjeka, ve\u0107 karakter. Da je njegov najve\u0107i uspjeh to \u0161to sam odrasla u ljubavi i po\u0161tovanju. Tada su mi suze same krenule.<\/p>\n\n\n\n<p>Pogledala sam mu\u017ea i vidjela ponos u njegovim o\u010dima. Njegovi roditelji su gledali u pod. Njihova sigurnost i autoritet su se raspali u tom jednom trenutku istine.<\/p>\n\n\n\n<p>Moj otac je zavr\u0161io govor jednostavno. Rekao je da je do\u0161ao da proslavi moju sre\u0107u i da, ako i dalje smatraju da ne pripada tu, mo\u017ee oti\u0107i mirne savjesti. Spustio je mikrofon.<\/p>\n\n\n\n<p>Tada je cijela sala ustala. Aplauz je bio sna\u017ean i iskren. Ljudi su prilazili mom ocu, pru\u017eali mu ruku, zahvaljivali mu se na lekciji koju ne\u0107e zaboraviti. Moj otac je bio zbunjen, ali dostojanstven.<\/p>\n\n\n\n<p>Moj mu\u017e je zatim uzeo mikrofon i rekao da je ponosan na mene i mog oca. Jasno je poru\u010dio da ko ima problem s mojim porijeklom, ima problem i s njim.<\/p>\n\n\n\n<p>Vjen\u010danje se nastavilo, ali atmosfera se promijenila. Bila je toplija, iskrenija i ljudskija. Moj otac je ostao do kraja, plesao sa mnom i smijao se kao nikada ranije.<\/p>\n\n\n\n<p>Kasnije mi je rekao da nije imao plan. Samo je znao da ne smije oti\u0107i pognute glave. Imao je istinu i po\u0161tenje, i to mu je bilo dovoljno.<\/p>\n\n\n\n<p>Taj govor nije bio samo dio mog vjen\u010danja. Bio je to \u017eivotni podsjetnik da se prava vrijednost \u010dovjeka ne mjeri titulom, novcem ili ugledom, ve\u0107 karakterom i djelima. I na to \u0107u zauvijek biti ponosna.<\/p>\n","protected":false},"excerpt":{"rendered":"<p>Moj otac me je odgajao sam nakon \u0161to mi je majka umrla. Radio je jedan od najte\u017eih poslova koje mo\u017eete zamisliti, posao koji mnogi ne primje\u0107uju dok je sve \u010disto i uredno. Ipak, zahvaljuju\u0107i njemu, nikada nisam bila gladna, nikada mi nije falilo topline, sigurnosti ni ljubavi. Za mene je on oduvijek bio heroj, bez [&hellip;]<\/p>\n","protected":false},"author":1,"featured_media":67325,"comment_status":"closed","ping_status":"closed","sticky":false,"template":"","format":"standard","meta":{"footnotes":""},"categories":[10],"tags":[],"class_list":["post-67324","post","type-post","status-publish","format-standard","has-post-thumbnail","hentry","category-zanimljivosti"],"_links":{"self":[{"href":"https:\/\/vaterpolosrbija.rs\/index.php?rest_route=\/wp\/v2\/posts\/67324","targetHints":{"allow":["GET"]}}],"collection":[{"href":"https:\/\/vaterpolosrbija.rs\/index.php?rest_route=\/wp\/v2\/posts"}],"about":[{"href":"https:\/\/vaterpolosrbija.rs\/index.php?rest_route=\/wp\/v2\/types\/post"}],"author":[{"embeddable":true,"href":"https:\/\/vaterpolosrbija.rs\/index.php?rest_route=\/wp\/v2\/users\/1"}],"replies":[{"embeddable":true,"href":"https:\/\/vaterpolosrbija.rs\/index.php?rest_route=%2Fwp%2Fv2%2Fcomments&post=67324"}],"version-history":[{"count":0,"href":"https:\/\/vaterpolosrbija.rs\/index.php?rest_route=\/wp\/v2\/posts\/67324\/revisions"}],"wp:featuredmedia":[{"embeddable":true,"href":"https:\/\/vaterpolosrbija.rs\/index.php?rest_route=\/wp\/v2\/media\/67325"}],"wp:attachment":[{"href":"https:\/\/vaterpolosrbija.rs\/index.php?rest_route=%2Fwp%2Fv2%2Fmedia&parent=67324"}],"wp:term":[{"taxonomy":"category","embeddable":true,"href":"https:\/\/vaterpolosrbija.rs\/index.php?rest_route=%2Fwp%2Fv2%2Fcategories&post=67324"},{"taxonomy":"post_tag","embeddable":true,"href":"https:\/\/vaterpolosrbija.rs\/index.php?rest_route=%2Fwp%2Fv2%2Ftags&post=67324"}],"curies":[{"name":"wp","href":"https:\/\/api.w.org\/{rel}","templated":true}]}}