{"id":67310,"date":"2026-01-26T23:26:52","date_gmt":"2026-01-26T21:26:52","guid":{"rendered":"https:\/\/kvalitetvremena.com\/?p=67310"},"modified":"2026-01-26T23:26:52","modified_gmt":"2026-01-26T21:26:52","slug":"nestanak-u-pirinejima-tajna-julijana-herere-i-njegove-cerke","status":"publish","type":"post","link":"https:\/\/vaterpolosrbija.rs\/?p=67310","title":{"rendered":"Nestanak u Pirinejima: Tajna Julijana Herere i njegove \u0107erke"},"content":{"rendered":"\n<p>Pet godina nakon nestanka Julijana Herere i njegove devetogodi\u0161nje \u0107erke Klare, \u010dinilo se da ih je planina zauvek zadr\u017eala.<\/p>\n\n\n\n<p>Njihov slu\u010daj punio je naslovne strane 2020. godine, kada je kratka planinarska tura u francuskim Pirinejima zavr\u0161ila potpunom ti\u0161inom. Meseci su prolazili bez ikakvih tragova, svedo\u010denja ili vi\u0111enja. Zvani\u010dna potraga je tiho obustavljena. Porodica se dr\u017eala krhke nade da je Julijan mo\u017eda odlu\u010dio da zapo\u010dne novi \u017eivot negde daleko, dok su drugi tiho pominjali verovatniju teoriju \u2014 neprime\u0107en pad u nepristupa\u010dnom delu planine.<\/p>\n\n\n\n<p>Godinama se nije dogodilo ni\u0161ta.<\/p>\n\n\n\n<hr class=\"wp-block-separator has-alpha-channel-opacity\"\/>\n\n\n\n<h2 class=\"wp-block-heading\">Neo\u010dekivano otkri\u0107e<\/h2>\n\n\n\n<p>Sve do kasnog avgusta, kada je katalonski par, istra\u017euju\u0107i retko kori\u0161\u0107enu stazu u blizini Rolandskog prolaza, primetio ne\u0161to \u0161to je naru\u0161ilo monotoniju sivih stena. Mu\u0161karac je \u010du\u010dnuo, usmerio svetlo telefona u usku pukotinu \u2014 i uko\u010dio se:<\/p>\n\n\n\n<blockquote class=\"wp-block-quote is-layout-flow wp-block-quote-is-layout-flow\">\n<p>\u201e\u2026To je ranac.\u201c<\/p>\n<\/blockquote>\n\n\n\n<p>Partnerka je obrisala pra\u0161inu sa izbledele etikete. Kada je pro\u010ditala ime, oboma se sledila krv u \u017eilama:<\/p>\n\n\n\n<p>\u2014 Julijan Herrera.<\/p>\n\n\n\n<p>Fotografije su odmah prosle\u0111ene \u017eandarmeriji. Helikopter je u roku od nekoliko sati spustio spasila\u010dki tim.<\/p>\n\n\n\n<p>Kapetan Morel, koji je u\u010destvovao u potrazi pre pet godina, otvorio je ranac u rukavicama. Unutra su se nalazili izubijana fla\u0161a za vodu, ostaci hrane, izgu\u017evana mapa\u2026 i plava sveska Klare, prepoznatljiva jo\u0161 iz prvobitne istrage.<\/p>\n\n\n\n<hr class=\"wp-block-separator has-alpha-channel-opacity\"\/>\n\n\n\n<h2 class=\"wp-block-heading\">Tragovi \u017eivota u pukotini<\/h2>\n\n\n\n<p>Pukotina je bila uska, pedesetak centimetara, ali duboka. Morel je odmah primetio nelogi\u010dnosti: ranac je bio gotovo neo\u0161te\u0107en, a mapa je imala sve\u017eu oznaku olovkom \u2014 ne\u0161to \u0161to nije postojalo na originalnim kopijama pregledanim 2020. godine.<\/p>\n\n\n\n<blockquote class=\"wp-block-quote is-layout-flow wp-block-quote-is-layout-flow\">\n<p>\u201eAko je Julijan ovo ozna\u010dio nakon \u0161to su se izgubili\u2026 za\u0161to?\u201c<\/p>\n<\/blockquote>\n\n\n\n<p>Spasioci su nastavili da istra\u017euju. Na osam metara dubine prona\u0161li su crvenu tkaninu \u2014 deo Julijanove jakne. Delovalo je kao namerni trag, a ne nesre\u0107a. Tri metra ni\u017ee, metalni omot od hrane sa rokom trajanja dve godine nakon njihovog nestanka.<\/p>\n\n\n\n<p>Ispod slojeva pra\u0161ine, prona\u0111eno je improvizovano skloni\u0161te: termo-\u0107ebe, prazna konzerva, delovi u\u017eeta \u2014 i jo\u0161 jedna sveska, natopljena vlagom. Neki zapisi mogli su se pro\u010ditati:<\/p>\n\n\n\n<blockquote class=\"wp-block-quote is-layout-flow wp-block-quote-is-layout-flow\">\n<p>\u201eNe mogu da se pomerim\u201c, \u201e\u010dekamo\u201c, \u201epovre\u0111en\u201c, \u201e\u010dujemo glasove\u201c<\/p>\n<\/blockquote>\n\n\n\n<p>Jedna re\u010denica zaustavila je ceo tim:<\/p>\n\n\n\n<blockquote class=\"wp-block-quote is-layout-flow wp-block-quote-is-layout-flow\">\n<p>\u201eNe mogu da se pomerim. Ona mora da ostane\u2026\u201c<\/p>\n<\/blockquote>\n\n\n\n<p>Tekst se naglo prekida.<\/p>\n\n\n\n<blockquote class=\"wp-block-quote is-layout-flow wp-block-quote-is-layout-flow\">\n<p>\u201eJulijan je bio povre\u0111en\u201c, rekao je Morel tiho. \u201eA Klara\u2026 jo\u0161 je bila \u017eiva.\u201c<\/p>\n<\/blockquote>\n\n\n\n<p>Ali nijedno telo nije prona\u0111eno.<\/p>\n\n\n\n<hr class=\"wp-block-separator has-alpha-channel-opacity\"\/>\n\n\n\n<h2 class=\"wp-block-heading\">Tragovi drugog lica<\/h2>\n\n\n\n<p>Najzagonetnije otkri\u0107e: moderno u\u017ee koje nije pripadalo Julijanu niti spasila\u010dkim ekipama.<\/p>\n\n\n\n<p>Slede\u0107eg dana, visoko u strmom prolazu, prona\u0111eni su sve\u017ei tragovi stopala \u2014 previ\u0161e laki da bi bili odrasla osoba. Ispod rastresitog kamenja, mali privezak u obliku zvezde \u2014 Klarin omiljeni.<\/p>\n\n\n\n<p>Na skrivenoj zaravni, metalna kutija prve pomo\u0107i. Unutra poruka, zape\u010da\u0107ena u plastici:<\/p>\n\n\n\n<blockquote class=\"wp-block-quote is-layout-flow wp-block-quote-is-layout-flow\">\n<p>\u201eAko neko ovo prona\u0111e, pomozite joj. Nije ona kriva. Vratio se, ali vi\u0161e nije bio isti. Nismo mogli da se spustimo. Dozivali smo pomo\u0107. Ako je Klara \u017eiva\u2026 molim vas, \u010duvajte je.\u201c<\/p>\n<\/blockquote>\n\n\n\n<hr class=\"wp-block-separator has-alpha-channel-opacity\"\/>\n\n\n\n<h2 class=\"wp-block-heading\">Mogu\u0107 scenarij<\/h2>\n\n\n\n<p>Porodica je povezala pro\u0161le sukobe Julijana i biv\u0161eg partnera Aitora, koji je u vreme nestanka boravio u Pirinejima. Otkriven je i zaba\u010deni kamp sa ognji\u0161tem i razbacanom hranom, me\u0111u kojima mala Klarina cipela.<\/p>\n\n\n\n<p>Ipak, bez tela.<\/p>\n\n\n\n<blockquote class=\"wp-block-quote is-layout-flow wp-block-quote-is-layout-flow\">\n<p>\u201eOvo menja sve\u201c, rekao je Morel. \u201eIza\u0161li su odatle. Uz ne\u010diju pomo\u0107 \u2014 ili pod ne\u010dijom kontrolom.\u201c<\/p>\n<\/blockquote>\n\n\n\n<p>Najve\u0107a misterija ostaje: <strong>gde je Klara danas?<\/strong><\/p>\n\n\n\n<p>Pet godina kasnije, slu\u010daj je i dalje otvoren. Planina je otkrila mnoge tajne \u2014 ali ne i onu najva\u017eniju. Klara bi mo\u017eda jo\u0161 uvek mogla biti \u017eiva.<\/p>\n","protected":false},"excerpt":{"rendered":"<p>Pet godina nakon nestanka Julijana Herere i njegove devetogodi\u0161nje \u0107erke Klare, \u010dinilo se da ih je planina zauvek zadr\u017eala. Njihov slu\u010daj punio je naslovne strane 2020. godine, kada je kratka planinarska tura u francuskim Pirinejima zavr\u0161ila potpunom ti\u0161inom. Meseci su prolazili bez ikakvih tragova, svedo\u010denja ili vi\u0111enja. Zvani\u010dna potraga je tiho obustavljena. Porodica se dr\u017eala [&hellip;]<\/p>\n","protected":false},"author":1,"featured_media":67311,"comment_status":"closed","ping_status":"closed","sticky":false,"template":"","format":"standard","meta":{"footnotes":""},"categories":[12],"tags":[],"class_list":["post-67310","post","type-post","status-publish","format-standard","has-post-thumbnail","hentry","category-ispovijest"],"_links":{"self":[{"href":"https:\/\/vaterpolosrbija.rs\/index.php?rest_route=\/wp\/v2\/posts\/67310","targetHints":{"allow":["GET"]}}],"collection":[{"href":"https:\/\/vaterpolosrbija.rs\/index.php?rest_route=\/wp\/v2\/posts"}],"about":[{"href":"https:\/\/vaterpolosrbija.rs\/index.php?rest_route=\/wp\/v2\/types\/post"}],"author":[{"embeddable":true,"href":"https:\/\/vaterpolosrbija.rs\/index.php?rest_route=\/wp\/v2\/users\/1"}],"replies":[{"embeddable":true,"href":"https:\/\/vaterpolosrbija.rs\/index.php?rest_route=%2Fwp%2Fv2%2Fcomments&post=67310"}],"version-history":[{"count":0,"href":"https:\/\/vaterpolosrbija.rs\/index.php?rest_route=\/wp\/v2\/posts\/67310\/revisions"}],"wp:featuredmedia":[{"embeddable":true,"href":"https:\/\/vaterpolosrbija.rs\/index.php?rest_route=\/wp\/v2\/media\/67311"}],"wp:attachment":[{"href":"https:\/\/vaterpolosrbija.rs\/index.php?rest_route=%2Fwp%2Fv2%2Fmedia&parent=67310"}],"wp:term":[{"taxonomy":"category","embeddable":true,"href":"https:\/\/vaterpolosrbija.rs\/index.php?rest_route=%2Fwp%2Fv2%2Fcategories&post=67310"},{"taxonomy":"post_tag","embeddable":true,"href":"https:\/\/vaterpolosrbija.rs\/index.php?rest_route=%2Fwp%2Fv2%2Ftags&post=67310"}],"curies":[{"name":"wp","href":"https:\/\/api.w.org\/{rel}","templated":true}]}}