{"id":67297,"date":"2026-01-26T21:50:06","date_gmt":"2026-01-26T19:50:06","guid":{"rendered":"https:\/\/kvalitetvremena.com\/?p=67297"},"modified":"2026-01-26T21:50:06","modified_gmt":"2026-01-26T19:50:06","slug":"pomogla-sam-svom-tastu-tog-jutra-i-otkrila-istinu-koju-je-moj-muz-skrivao","status":"publish","type":"post","link":"https:\/\/vaterpolosrbija.rs\/?p=67297","title":{"rendered":"Pomogla sam svom tastu tog jutra \u2014 i otkrila istinu koju je moj mu\u017e skrivao"},"content":{"rendered":"\n<p>Dan je po\u010deo kao obi\u010dna porodi\u010dna obaveza. Jutarnja negovateljica je otkazala u poslednjem trenutku, no\u0107na je ve\u0107 oti\u0161la, a moj mu\u017e Jason bio je van grada zbog posla. Ostala sam sama u ku\u0107i s njegovim ocem, Robertom, u tihom predgra\u0111u nadomak Denvera.<\/p>\n\n\n\n<p>Robert je bio nepokretan od vrata nadole ve\u0107 gotovo godinu dana, nakon saobra\u0107ajne nesre\u0107e o kojoj se u na\u0161oj porodici govorilo \u0161apatom. Jason ju je uvek nazivao samo \u201enesre\u0107om\u201c, kao da \u0107e time postati manje te\u0161ka.<\/p>\n\n\n\n<p>Pre odlaska, rekao mi je ne\u0161to \u0161to mi je tada delovalo kao preterana briga.<\/p>\n\n\n\n<p>\u201eAko mo\u017ee\u0161, nemoj dugo ostajati sama s njim\u201c, rekao je ozbiljno.<br>\u201ePonekad govori stvari koje nisu sasvim\u2026 jasne.\u201c<\/p>\n\n\n\n<p>Pomislila sam da je samo iscrpljen.<\/p>\n\n\n\n<p>Nekoliko sati kasnije, stajala sam u Robertovoj sobi, pripremaju\u0107i ga za jutarnje umivanje. Trudila sam se da budem profesionalna, smirena i pa\u017eljiva. Jason mi je uvek govorio da njegov otac gotovo i ne reaguje.<\/p>\n\n\n\n<p>Ali kada sam mu se pribli\u017eila, Robert me je pogledao jasno i fokusirano \u2014 pogledom koji me je iznenadio.<\/p>\n\n\n\n<h3 class=\"wp-block-heading\">Ne\u0161to \u0161to nije imalo obja\u0161njenje<\/h3>\n\n\n\n<p>Dok sam mu pa\u017eljivo pomagala, primetila sam tragove na njegovoj ko\u017ei koji nisu odgovarali onome \u0161to sam o\u010dekivala. Nisu izgledali kao slu\u010dajne povrede ili posledice nepokretnosti. Bilo ih je vi\u0161e, u razli\u010ditim fazama povla\u010denja.<\/p>\n\n\n\n<p>Zastala sam, zbunjena i uznemirena.<\/p>\n\n\n\n<p>\u201eRobert\u2026\u201c tiho sam rekla. \u201eDa li si dobro?\u201c<\/p>\n\n\n\n<p>Nisam o\u010dekivala odgovor. Ali tada se desilo ne\u0161to \u0161to mi je ostalo urezano u pam\u0107enje. Njegova ruka se blago pomerila. Ne dovoljno da bi ne\u0161to dohvatila \u2014 ali dovoljno da bi pokazala nameru. Pogledom je pokazivao ka no\u0107nom ormari\u0107u.<\/p>\n\n\n\n<p>Pratila sam njegov pogled.<\/p>\n\n\n\n<p>Na stolu je, pored uobi\u010dajenih stvari, stajala mala plava sveska koju ranije nisam prime\u0107ivala.<\/p>\n\n\n\n<h3 class=\"wp-block-heading\">Poruka koju nisam smela da ignori\u0161em<\/h3>\n\n\n\n<p>Uzela sam svesku i otvorila je. Prve stranice bile su ispunjene neurednim tragovima, kao poku\u0161aji pisanja. Kasnije, rukopis je postajao jasniji, iako drhtav.<\/p>\n\n\n\n<p>Prva re\u010denica koju sam jasno pro\u010ditala ostavila me je bez daha:<\/p>\n\n\n\n<p><strong>\u201eAko ovo \u010dita\u0161, zna\u010di da Jason nije u sobi.\u201c<\/strong><\/p>\n\n\n\n<p>Osetila sam kako mi se stomak ste\u017ee. U glavi mi je odjeknula njegova re\u010denica od jutros:<br><em>\u201eNe ostaj sama s njim.\u201c<\/em><\/p>\n\n\n\n<p>Nastavila sam da \u010ditam.<\/p>\n\n\n\n<p>U svesci je Robert, koliko je mogao, poku\u0161avao da objasni da je svestan, da razmi\u0161lja jasno i da nije zbunjen kako su drugi verovali. Pisao je o strahu, o ose\u0107aju da mu se ne veruje i o doga\u0111aju koji je promenio njegov \u017eivot.<\/p>\n\n\n\n<p>Na jednoj od stranica, u re\u010denici koja se prekidala na pola, opisivao je trenutke nesre\u0107e \u2014 ne kao slu\u010dajnost, ve\u0107 kao ne\u0161to \u0161to mu je ostalo duboko urezano u se\u0107anje.<\/p>\n\n\n\n<p>Nije bilo optu\u017ebi izgovorenih glasno. Nije bilo dramatizacije. Samo tragovi sumnje, zapisani drhtavom rukom \u010doveka koji vi\u0161e nije mogao da govori.<\/p>\n\n\n\n<h3 class=\"wp-block-heading\">Ti\u0161ina koja menja sve<\/h3>\n\n\n\n<p>Spustila sam svesku i pogledala Roberta. Njegov pogled nije bio uznemiren. Bio je miran \u2014 kao da je godinama \u010dekao da neko pro\u010dita ono \u0161to nije mogao da izgovori.<\/p>\n\n\n\n<p>U tom trenutku shvatila sam da se moj \u017eivot vi\u0161e ne\u0107e vratiti na staro. Ne zato \u0161to sam imala sve odgovore \u2014 ve\u0107 zato \u0161to sam prvi put posumnjala u pri\u010du koju sam godinama prihvatala bez pitanja.<\/p>\n\n\n\n<p>Te ve\u010deri, dok sam sedela sama u ku\u0107i, znala sam samo jedno: istina, kakva god da je, vi\u0161e nije mogla da ostane zaklju\u010dana u jednoj plavoj svesci.<\/p>\n","protected":false},"excerpt":{"rendered":"<p>Dan je po\u010deo kao obi\u010dna porodi\u010dna obaveza. Jutarnja negovateljica je otkazala u poslednjem trenutku, no\u0107na je ve\u0107 oti\u0161la, a moj mu\u017e Jason bio je van grada zbog posla. Ostala sam sama u ku\u0107i s njegovim ocem, Robertom, u tihom predgra\u0111u nadomak Denvera. Robert je bio nepokretan od vrata nadole ve\u0107 gotovo godinu dana, nakon saobra\u0107ajne [&hellip;]<\/p>\n","protected":false},"author":1,"featured_media":67298,"comment_status":"closed","ping_status":"closed","sticky":false,"template":"","format":"standard","meta":{"footnotes":""},"categories":[12],"tags":[],"class_list":["post-67297","post","type-post","status-publish","format-standard","has-post-thumbnail","hentry","category-ispovijest"],"_links":{"self":[{"href":"https:\/\/vaterpolosrbija.rs\/index.php?rest_route=\/wp\/v2\/posts\/67297","targetHints":{"allow":["GET"]}}],"collection":[{"href":"https:\/\/vaterpolosrbija.rs\/index.php?rest_route=\/wp\/v2\/posts"}],"about":[{"href":"https:\/\/vaterpolosrbija.rs\/index.php?rest_route=\/wp\/v2\/types\/post"}],"author":[{"embeddable":true,"href":"https:\/\/vaterpolosrbija.rs\/index.php?rest_route=\/wp\/v2\/users\/1"}],"replies":[{"embeddable":true,"href":"https:\/\/vaterpolosrbija.rs\/index.php?rest_route=%2Fwp%2Fv2%2Fcomments&post=67297"}],"version-history":[{"count":0,"href":"https:\/\/vaterpolosrbija.rs\/index.php?rest_route=\/wp\/v2\/posts\/67297\/revisions"}],"wp:featuredmedia":[{"embeddable":true,"href":"https:\/\/vaterpolosrbija.rs\/index.php?rest_route=\/wp\/v2\/media\/67298"}],"wp:attachment":[{"href":"https:\/\/vaterpolosrbija.rs\/index.php?rest_route=%2Fwp%2Fv2%2Fmedia&parent=67297"}],"wp:term":[{"taxonomy":"category","embeddable":true,"href":"https:\/\/vaterpolosrbija.rs\/index.php?rest_route=%2Fwp%2Fv2%2Fcategories&post=67297"},{"taxonomy":"post_tag","embeddable":true,"href":"https:\/\/vaterpolosrbija.rs\/index.php?rest_route=%2Fwp%2Fv2%2Ftags&post=67297"}],"curies":[{"name":"wp","href":"https:\/\/api.w.org\/{rel}","templated":true}]}}