{"id":67285,"date":"2026-01-26T20:32:27","date_gmt":"2026-01-26T18:32:27","guid":{"rendered":"https:\/\/kvalitetvremena.com\/?p=67285"},"modified":"2026-01-26T20:32:27","modified_gmt":"2026-01-26T18:32:27","slug":"cetverogodisnji-djecak-izmedu-sistema-i-porodice-prica-o-deportaciji-koja-je-otvorila-teska-pitanja","status":"publish","type":"post","link":"https:\/\/vaterpolosrbija.rs\/?p=67285","title":{"rendered":"\u010cetverogodi\u0161nji dje\u010dak izme\u0111u sistema i porodice: Pri\u010da o deportaciji koja je otvorila te\u0161ka pitanja"},"content":{"rendered":"\n<p>Pri\u010da o \u010detverogodi\u0161njem Raifu Terzi\u0107u pokrenula je sna\u017ene reakcije javnosti jer otvara niz osjetljivih pitanja o birokratiji, pravima djece i granicama administrativnih odluka. Iako je ro\u0111en i odrastao u \u0160vedskoj, Raif je deportovan u Bosnu i Hercegovinu zbog nerije\u0161enog dr\u017eavljanskog statusa, uprkos \u010dinjenici da gotovo cijela njegova porodica ima pravo stalnog boravka ili dr\u017eavljanstvo te zemlje.<\/p>\n\n\n\n<p>Ovaj slu\u010daj ne govori samo o jednom djetetu, ve\u0107 i o slo\u017eenosti migracijskih procedura koje, kada se primjenjuju bez \u0161ireg konteksta, mogu imati ozbiljne posljedice po najranjivije.<\/p>\n\n\n\n<hr class=\"wp-block-separator has-alpha-channel-opacity\"\/>\n\n\n\n<h3 class=\"wp-block-heading\">Dijete ro\u0111eno u \u0160vedskoj, ali bez prava da tamo ostane<\/h3>\n\n\n\n<p>Raif Terzi\u0107 ro\u0111en je 2021. godine u Malm\u00f6u. U trenutku njegovog ro\u0111enja, njegovi roditelji nisu imali \u0161vedsko dr\u017eavljanstvo, zbog \u010dega ga ni on nije automatski stekao. Nekoliko mjeseci kasnije, njegov otac Haris dobio je dr\u017eavljanstvo, dok je majka Nicole imala dozvolu stalnog boravka. Njihova ostala djeca danas imaju regulisan status, ali Raif je ostao izvan tog okvira.<\/p>\n\n\n\n<p>Roditelji su u vi\u0161e navrata poku\u0161avali da mu obezbijede \u0161vedsko dr\u017eavljanstvo ili barem stalni boravak. Svi zahtjevi su odbijeni uz obrazlo\u017eenje da dijete prvo mora ste\u0107i dr\u017eavljanstvo Bosne i Hercegovine, jer je njegov otac u trenutku ro\u0111enja imao dr\u017eavljanstvo te zemlje.<\/p>\n\n\n\n<hr class=\"wp-block-separator has-alpha-channel-opacity\"\/>\n\n\n\n<h3 class=\"wp-block-heading\">Odluka koja je porodicu ostavila u \u0161oku<\/h3>\n\n\n\n<p>Na sastanku sa Migracijskom upravom, roditeljima je saop\u0161teno da je donesena kona\u010dna odluka o deportaciji njihovog sina. Iako su ostali \u010dlanovi porodice imali pravo da ostanu u \u0160vedskoj, Raif je, prema va\u017ee\u0107im pravilima, morao napustiti zemlju.<\/p>\n\n\n\n<p>Ono \u0161to je situaciju u\u010dinilo jo\u0161 te\u017eom jeste \u010dinjenica da je dje\u010dak dijete s posebnim potrebama. Ne govori, nije samostalan i ima dijagnostikovan poreme\u0107aj iz autisti\u010dnog spektra. Odlukom o deportaciji ostao je bez prava na zdravstvenu za\u0161titu, rehabilitaciju i vrti\u0107 koji je poha\u0111ao od najranijeg uzrasta.<\/p>\n\n\n\n<hr class=\"wp-block-separator has-alpha-channel-opacity\"\/>\n\n\n\n<h3 class=\"wp-block-heading\">Privremeni povratak i nova neizvjesnost<\/h3>\n\n\n\n<p>Nakon \u0161to su, bez izbora, zatra\u017eili i dobili dr\u017eavljanstvo Bosne i Hercegovine za svog sina, Haris i Raif su se ponovo vratili u \u0160vedsku, ali ovog puta kao posjetioci. Boravak je vremenski ograni\u010den, a novi zahtjev za stalni boravak ponovo je pokrenuo dug administrativni postupak.<\/p>\n\n\n\n<p>Najve\u0107i problem je to \u0161to dijete tokom \u010dekanja odluke ne smije boraviti u \u0160vedskoj. U Bosni i Hercegovini ima samo stariju baku, koja zbog godina i zdravstvenog stanja ne mo\u017ee da se brine o njemu. Kao jedino privremeno rje\u0161enje, porodica je suo\u010dena s razdvajanjem.<\/p>\n\n\n\n<hr class=\"wp-block-separator has-alpha-channel-opacity\"\/>\n\n\n\n<h3 class=\"wp-block-heading\">Posljedice po porodicu i svakodnevni \u017eivot<\/h3>\n\n\n\n<p>Ova situacija ne uti\u010de samo emocionalno, ve\u0107 i egzistencijalno. Otac je vlasnik male firme u \u0160vedskoj i njegov vi\u0161emjese\u010dni odlazak ugro\u017eava poslovanje i radna mjesta. Majka svakodnevno prolazi pored vrti\u0107a u koji Raif vi\u0161e ne smije i\u0107i, dok dijete ne razumije za\u0161to je iznenada isklju\u010deno iz okru\u017eenja koje mu je bilo poznato i sigurno.<\/p>\n\n\n\n<p>Takvi primjeri pokazuju koliko administrativne odluke mogu imati dugoro\u010dne posljedice po porodi\u010dni \u017eivot, posebno kada su u pitanju djeca koja zavise od stabilnosti i kontinuiteta.<\/p>\n\n\n\n<hr class=\"wp-block-separator has-alpha-channel-opacity\"\/>\n\n\n\n<h3 class=\"wp-block-heading\">\u0160ira poruka ovog slu\u010daja<\/h3>\n\n\n\n<p>Iako se odluke migracijskih vlasti donose u skladu sa zakonima i procedurama, ovaj slu\u010daj je pokrenuo raspravu o tome gdje je granica izme\u0111u pravne ispravnosti i ljudske odgovornosti. Posebno kada se radi o djeci ro\u0111enoj u zemlji, sa zdravstvenim pote\u0161ko\u0107ama i bez stvarnih veza sa dr\u017eavom u koju se \u0161alju.<\/p>\n\n\n\n<p>Pri\u010da o Raifu podsje\u0107a da iza svakog administrativnog predmeta stoji stvaran \u017eivot. Ona otvara prostor za razmi\u0161ljanje o tome kako sistemi mogu biti unaprije\u0111eni da, uz po\u0161tovanje zakona, u ve\u0107oj mjeri uzmu u obzir najbolji interes djeteta.<\/p>\n\n\n\n<p>Za ovu porodicu, budu\u0107nost je i dalje neizvjesna. Ono \u0161to je sigurno jeste da \u0107e se o ovakvim slu\u010dajevima jo\u0161 dugo govoriti, jer postavljaju pitanja koja prevazilaze jedan pojedina\u010dni problem i ti\u010du se osnovnih vrijednosti savremenog dru\u0161tva.<\/p>\n","protected":false},"excerpt":{"rendered":"<p>Pri\u010da o \u010detverogodi\u0161njem Raifu Terzi\u0107u pokrenula je sna\u017ene reakcije javnosti jer otvara niz osjetljivih pitanja o birokratiji, pravima djece i granicama administrativnih odluka. Iako je ro\u0111en i odrastao u \u0160vedskoj, Raif je deportovan u Bosnu i Hercegovinu zbog nerije\u0161enog dr\u017eavljanskog statusa, uprkos \u010dinjenici da gotovo cijela njegova porodica ima pravo stalnog boravka ili dr\u017eavljanstvo te [&hellip;]<\/p>\n","protected":false},"author":1,"featured_media":67286,"comment_status":"closed","ping_status":"closed","sticky":false,"template":"","format":"standard","meta":{"footnotes":""},"categories":[10],"tags":[],"class_list":["post-67285","post","type-post","status-publish","format-standard","has-post-thumbnail","hentry","category-zanimljivosti"],"_links":{"self":[{"href":"https:\/\/vaterpolosrbija.rs\/index.php?rest_route=\/wp\/v2\/posts\/67285","targetHints":{"allow":["GET"]}}],"collection":[{"href":"https:\/\/vaterpolosrbija.rs\/index.php?rest_route=\/wp\/v2\/posts"}],"about":[{"href":"https:\/\/vaterpolosrbija.rs\/index.php?rest_route=\/wp\/v2\/types\/post"}],"author":[{"embeddable":true,"href":"https:\/\/vaterpolosrbija.rs\/index.php?rest_route=\/wp\/v2\/users\/1"}],"replies":[{"embeddable":true,"href":"https:\/\/vaterpolosrbija.rs\/index.php?rest_route=%2Fwp%2Fv2%2Fcomments&post=67285"}],"version-history":[{"count":0,"href":"https:\/\/vaterpolosrbija.rs\/index.php?rest_route=\/wp\/v2\/posts\/67285\/revisions"}],"wp:featuredmedia":[{"embeddable":true,"href":"https:\/\/vaterpolosrbija.rs\/index.php?rest_route=\/wp\/v2\/media\/67286"}],"wp:attachment":[{"href":"https:\/\/vaterpolosrbija.rs\/index.php?rest_route=%2Fwp%2Fv2%2Fmedia&parent=67285"}],"wp:term":[{"taxonomy":"category","embeddable":true,"href":"https:\/\/vaterpolosrbija.rs\/index.php?rest_route=%2Fwp%2Fv2%2Fcategories&post=67285"},{"taxonomy":"post_tag","embeddable":true,"href":"https:\/\/vaterpolosrbija.rs\/index.php?rest_route=%2Fwp%2Fv2%2Ftags&post=67285"}],"curies":[{"name":"wp","href":"https:\/\/api.w.org\/{rel}","templated":true}]}}