{"id":67261,"date":"2026-01-26T10:06:43","date_gmt":"2026-01-26T08:06:43","guid":{"rendered":"https:\/\/kvalitetvremena.com\/?p=67261"},"modified":"2026-01-26T10:06:43","modified_gmt":"2026-01-26T08:06:43","slug":"optuzili-su-me-da-sam-kriva-a-onda-se-pojavio-u-taksiju-istina-koja-je-promenila-sve","status":"publish","type":"post","link":"https:\/\/vaterpolosrbija.rs\/?p=67261","title":{"rendered":"Optu\u017eili su me da sam kriva a onda se pojavio u taksiju Istina koja je promenila sve"},"content":{"rendered":"\n<p>Postoje pri\u010de koje zapo\u010dnu kao bajka a zavr\u0161e kao borba za istinu, dostojanstvo i slobodu. Ovo je jedna od njih. Emotivna, te\u0161ka i slojevita, ali istovremeno pou\u010dna za svakoga ko veruje u ljubav, ali i u li\u010dnu odgovornost.<\/p>\n\n\n\n<p>Sve je trebalo da bude savr\u0161eno. Dan ven\u010danja, osmesi, obe\u0107anja i ose\u0107aj da je budu\u0107nost sigurna. U trenutku kada su izgovorili sudbonosno da, \u017eivot je krenuo putem koji niko nije mogao da predvidi. Damian se sru\u0161io pred njom, a slavlje se u sekundi pretvorilo u haos. Taj trenutak nije ozna\u010dio samo kraj ceremonije, ve\u0107 i po\u010detak njenog najte\u017eeg \u017eivotnog perioda.<\/p>\n\n\n\n<p>Ve\u0107 slede\u0107eg dana, dok je bila slomljena od bola i tuge, suo\u010dila se sa ne\u010dim jo\u0161 te\u017eim. Njegova porodica, umesto razumevanja i saose\u0107anja, po\u010dela je da upire prst u nju. Optu\u017eivali su je da je ona odgovorna za njegovu smrt. U o\u010dima ljudi koji su do ju\u010de bili njena nova porodica, postala je krivac, neprijatelj i neko koga treba ukloniti.<\/p>\n\n\n\n<p>Usred tuge, po\u010dela je da prime\u0107uje nelogi\u010dnosti. Njihov skroman \u017eivot, stalni pritisci spolja i Damianova povremena povu\u010denost sada su dobijali novo zna\u010denje. Istina je polako izlazila na videlo. Damian nije bio obi\u010dan \u010dovek kakvim se predstavljao. Poticao je iz izuzetno bogate i mo\u0107ne porodice koja je godinama kontrolisala svaki njegov korak. Njegov \u017eivot nije bio njegov, ve\u0107 projekat drugih ljudi.<\/p>\n\n\n\n<p>Naj\u0161okantnije otkri\u0107e bilo je saznanje da njegova smrt nije bila stvarna. Pad na ven\u010danju bio je deo pa\u017eljivo osmi\u0161ljenog plana. Koristio je supstancu koja je izazvala privid smrti kako bi se izvukao iz kand\u017ei porodice i kona\u010dno prekinuo lanac kontrole. U toj odluci, nije je za\u0161titio istinom, ve\u0107 la\u017eju.<\/p>\n\n\n\n<p>Kada je mislila da je sve izgubila, sudbina je ume\u0161ala prste. U obi\u010dnoj vo\u017enji taksijem, \u010dula je glas koji nije o\u010dekivala. Damianov glas. Taj trenutak bio je me\u0161avina \u0161oka, besa, olak\u0161anja i duboke povrede. Bio je \u017eiv, ali je istovremeno ostavio da pati, da bude javno optu\u017eena i emocionalno slomljena.<\/p>\n\n\n\n<p>Suo\u010davanje koje je usledilo bilo je bolno, ali neophodno. Ljubav koju je ose\u0107ala nije nestala, ali vi\u0161e nije bila slepa. Shvatila je da ljubav bez istine nema budu\u0107nost. Oprost nije do\u0161ao lako, niti bez uslova. Zahtevala je da se istina javno iznese, da se sve la\u017ei priznaju i da se Damian zauvek distancira od porodice koja ga je godinama zlostavljala i manipulisala njegovim \u017eivotom.<\/p>\n\n\n\n<p>Istina je na kraju iza\u0161la na videlo. Optu\u017ebe protiv nje su pale, a prava slika doga\u0111aja postala je jasna. Damian se suo\u010dio sa posledicama svojih odluka, a njegova porodica izgubila je kontrolu koju je godinama smatrala neupitnom.<\/p>\n\n\n\n<p>Danas \u017eive daleko od svega \u0161to ih je nekada gu\u0161ilo. Njihov \u017eivot nije savr\u0161en, ali je iskren. Ne slave dan ven\u010danja koji je obele\u017een traumom, ali slave slobodu, istinu i novi po\u010detak koji je izrastao iz najve\u0107e tame.<\/p>\n\n\n\n<p>Ova pri\u010da podse\u0107a da istina, ma koliko bolna bila, uvek vodi ka osloba\u0111anju. I da prava ljubav ne opstaje na tajnama, ve\u0107 na hrabrosti da se sa njima suo\u010di.<\/p>\n","protected":false},"excerpt":{"rendered":"<p>Postoje pri\u010de koje zapo\u010dnu kao bajka a zavr\u0161e kao borba za istinu, dostojanstvo i slobodu. Ovo je jedna od njih. Emotivna, te\u0161ka i slojevita, ali istovremeno pou\u010dna za svakoga ko veruje u ljubav, ali i u li\u010dnu odgovornost. Sve je trebalo da bude savr\u0161eno. Dan ven\u010danja, osmesi, obe\u0107anja i ose\u0107aj da je budu\u0107nost sigurna. U [&hellip;]<\/p>\n","protected":false},"author":1,"featured_media":67262,"comment_status":"closed","ping_status":"closed","sticky":false,"template":"","format":"standard","meta":{"footnotes":""},"categories":[12],"tags":[],"class_list":["post-67261","post","type-post","status-publish","format-standard","has-post-thumbnail","hentry","category-ispovijest"],"_links":{"self":[{"href":"https:\/\/vaterpolosrbija.rs\/index.php?rest_route=\/wp\/v2\/posts\/67261","targetHints":{"allow":["GET"]}}],"collection":[{"href":"https:\/\/vaterpolosrbija.rs\/index.php?rest_route=\/wp\/v2\/posts"}],"about":[{"href":"https:\/\/vaterpolosrbija.rs\/index.php?rest_route=\/wp\/v2\/types\/post"}],"author":[{"embeddable":true,"href":"https:\/\/vaterpolosrbija.rs\/index.php?rest_route=\/wp\/v2\/users\/1"}],"replies":[{"embeddable":true,"href":"https:\/\/vaterpolosrbija.rs\/index.php?rest_route=%2Fwp%2Fv2%2Fcomments&post=67261"}],"version-history":[{"count":0,"href":"https:\/\/vaterpolosrbija.rs\/index.php?rest_route=\/wp\/v2\/posts\/67261\/revisions"}],"wp:featuredmedia":[{"embeddable":true,"href":"https:\/\/vaterpolosrbija.rs\/index.php?rest_route=\/wp\/v2\/media\/67262"}],"wp:attachment":[{"href":"https:\/\/vaterpolosrbija.rs\/index.php?rest_route=%2Fwp%2Fv2%2Fmedia&parent=67261"}],"wp:term":[{"taxonomy":"category","embeddable":true,"href":"https:\/\/vaterpolosrbija.rs\/index.php?rest_route=%2Fwp%2Fv2%2Fcategories&post=67261"},{"taxonomy":"post_tag","embeddable":true,"href":"https:\/\/vaterpolosrbija.rs\/index.php?rest_route=%2Fwp%2Fv2%2Ftags&post=67261"}],"curies":[{"name":"wp","href":"https:\/\/api.w.org\/{rel}","templated":true}]}}