{"id":67258,"date":"2026-01-25T17:38:14","date_gmt":"2026-01-25T15:38:14","guid":{"rendered":"https:\/\/kvalitetvremena.com\/?p=67258"},"modified":"2026-01-25T17:38:14","modified_gmt":"2026-01-25T15:38:14","slug":"izjava-psihologa-u-emisiji-izazvala-burne-reakcije-na-drustvenim-mrezama","status":"publish","type":"post","link":"https:\/\/vaterpolosrbija.rs\/?p=67258","title":{"rendered":"Izjava psihologa u emisiji izazvala burne reakcije na dru\u0161tvenim mre\u017eama"},"content":{"rendered":"\n<p>Dru\u0161tvene mre\u017ee danas omogu\u0107avaju da se u svakom trenutku prati \u0161ta se de\u0161ava u javnom prostoru, ali i da se izjave iz televizijskih emisija i podkasta brzo \u0161ire i komentari\u0161u. Upravo takva dostupnost informacija \u010desto dovodi do sna\u017enih reakcija javnosti, naro\u010dito kada se iznesu kontroverzni stavovi.<\/p>\n\n\n\n<p>Tokom proteklih godina svjedo\u010dili smo brojnim slu\u010dajevima u kojima su pojedinci zloupotrebljavali dru\u0161tvene mre\u017ee, uklju\u010duju\u0107i i ekstremne situacije poput prenosa nasilnih \u010dinova u\u017eivo. Iako ovakvi slu\u010dajevi izazivaju ozbiljnu zabrinutost, reakcije nadle\u017enih institucija \u010desto izostaju ili dolaze sa zaka\u0161njenjem.<\/p>\n\n\n\n<p>U Srbiji su posljednjih godina naro\u010dito popularni podkasti i emisije u kojima gostuju javne li\u010dnosti \u2013 profesori, ljekari, psiholozi i glumci \u2013 i iznose li\u010dne stavove o dru\u0161tvu, porodici i savremenim vrijednostima. Upravo u jednom takvom gostovanju nastala je nova polemika.<\/p>\n\n\n\n<h3 class=\"wp-block-heading\">Kontroverzni stavovi u emisiji<\/h3>\n\n\n\n<p>Psiholog Jovan Mari\u0107 nedavno je gostovao u jednoj emisiji, gdje je govorio o polo\u017eaju \u017eena u savremenom dru\u0161tvu. Njegove izjave izazvale su burne reakcije javnosti, naro\u010dito na dru\u0161tvenim mre\u017eama.<\/p>\n\n\n\n<p>Mari\u0107 je, izme\u0111u ostalog, iznio mi\u0161ljenje da mu se ne dopada na\u010din \u017eivota savremenih \u017eena, navode\u0107i da previ\u0161e vremena provode van ku\u0107e i sa dru\u0161tvom, dok se, prema njegovim rije\u010dima, manje posve\u0107uju porodici i doma\u0107instvu. Tako\u0111e je tvrdio da je komunikacija izme\u0111u partnera danas slabija nego ranije.<\/p>\n\n\n\n<p>Posebnu pa\u017enju izazvala je njegova izjava u kojoj je naveo da su mu\u0161karci postali \u201eprevi\u0161e popustljivi\u201c, te da \u017eene nakon pedesete godine, kako je rekao, \u201evi\u0161e nisu ni za \u0161ta\u201c, uz sugestiju da bi mu\u0161karci u tom periodu trebalo da tra\u017ee mla\u0111e partnerke.<\/p>\n\n\n\n<h3 class=\"wp-block-heading\">Reakcije javnosti<\/h3>\n\n\n\n<p>Ovakvi stavovi nai\u0161li su na o\u0161tre osude velikog broja gra\u0111ana, stru\u010dnjaka i organizacija za ljudska prava, koji su ih okarakterisali kao uvredljive, diskriminatorne i u suprotnosti sa savremenim shvatanjem ravnopravnosti polova.<\/p>\n\n\n\n<p>Mnogi su istakli da javne li\u010dnosti, posebno one koje se bave mentalnim zdravljem, imaju dodatnu odgovornost kada iznose li\u010dna mi\u0161ljenja, jer njihove rije\u010di mogu imati sna\u017ean uticaj na dru\u0161tvo.<\/p>\n\n\n\n<h3 class=\"wp-block-heading\">\u0160ire pitanje odgovornosti u javnom prostoru<\/h3>\n\n\n\n<p>Ovaj slu\u010daj ponovo je otvorio pitanje granice izme\u0111u slobode govora i dru\u0161tvene odgovornosti, naro\u010dito u medijima i digitalnom prostoru. Iako svako ima pravo na li\u010dno mi\u0161ljenje, sve je vi\u0161e onih koji smatraju da mediji treba pa\u017eljivije da biraju sadr\u017eaj i goste, kako se ne bi normalizovali stavovi koji vrije\u0111aju ili poni\u017eavaju odre\u0111ene dru\u0161tvene grupe.<\/p>\n\n\n\n<hr class=\"wp-block-separator has-alpha-channel-opacity\"\/>\n\n\n\n<p><strong>Napomena:<\/strong> Tekst je informativnog karaktera i ne predstavlja stav redakcije.<\/p>\n","protected":false},"excerpt":{"rendered":"<p>Dru\u0161tvene mre\u017ee danas omogu\u0107avaju da se u svakom trenutku prati \u0161ta se de\u0161ava u javnom prostoru, ali i da se izjave iz televizijskih emisija i podkasta brzo \u0161ire i komentari\u0161u. Upravo takva dostupnost informacija \u010desto dovodi do sna\u017enih reakcija javnosti, naro\u010dito kada se iznesu kontroverzni stavovi. Tokom proteklih godina svjedo\u010dili smo brojnim slu\u010dajevima u kojima [&hellip;]<\/p>\n","protected":false},"author":1,"featured_media":67259,"comment_status":"closed","ping_status":"closed","sticky":false,"template":"","format":"standard","meta":{"footnotes":""},"categories":[13],"tags":[],"class_list":["post-67258","post","type-post","status-publish","format-standard","has-post-thumbnail","hentry","category-ljepota-i-zdravlje"],"_links":{"self":[{"href":"https:\/\/vaterpolosrbija.rs\/index.php?rest_route=\/wp\/v2\/posts\/67258","targetHints":{"allow":["GET"]}}],"collection":[{"href":"https:\/\/vaterpolosrbija.rs\/index.php?rest_route=\/wp\/v2\/posts"}],"about":[{"href":"https:\/\/vaterpolosrbija.rs\/index.php?rest_route=\/wp\/v2\/types\/post"}],"author":[{"embeddable":true,"href":"https:\/\/vaterpolosrbija.rs\/index.php?rest_route=\/wp\/v2\/users\/1"}],"replies":[{"embeddable":true,"href":"https:\/\/vaterpolosrbija.rs\/index.php?rest_route=%2Fwp%2Fv2%2Fcomments&post=67258"}],"version-history":[{"count":0,"href":"https:\/\/vaterpolosrbija.rs\/index.php?rest_route=\/wp\/v2\/posts\/67258\/revisions"}],"wp:featuredmedia":[{"embeddable":true,"href":"https:\/\/vaterpolosrbija.rs\/index.php?rest_route=\/wp\/v2\/media\/67259"}],"wp:attachment":[{"href":"https:\/\/vaterpolosrbija.rs\/index.php?rest_route=%2Fwp%2Fv2%2Fmedia&parent=67258"}],"wp:term":[{"taxonomy":"category","embeddable":true,"href":"https:\/\/vaterpolosrbija.rs\/index.php?rest_route=%2Fwp%2Fv2%2Fcategories&post=67258"},{"taxonomy":"post_tag","embeddable":true,"href":"https:\/\/vaterpolosrbija.rs\/index.php?rest_route=%2Fwp%2Fv2%2Ftags&post=67258"}],"curies":[{"name":"wp","href":"https:\/\/api.w.org\/{rel}","templated":true}]}}