{"id":67255,"date":"2026-01-25T12:18:41","date_gmt":"2026-01-25T10:18:41","guid":{"rendered":"https:\/\/kvalitetvremena.com\/?p=67255"},"modified":"2026-01-25T12:18:41","modified_gmt":"2026-01-25T10:18:41","slug":"da-li-znate-odakle-vam-oziljak-na-ramenu-koji-imaju-mnogi-rodeni-u-sfrj","status":"publish","type":"post","link":"https:\/\/vaterpolosrbija.rs\/?p=67255","title":{"rendered":"Da li znate odakle vam o\u017eiljak na ramenu koji imaju mnogi ro\u0111eni u SFRJ?"},"content":{"rendered":"\n<p>Ako ste ro\u0111eni u biv\u0161oj Jugoslaviji, velike su \u0161anse da na lijevom ramenu imate mali okrugli o\u017eiljak. Za mnoge je to samo detalj na ko\u017ei koji nikada nisu posebno primje\u0107ivali \u2013 ali mla\u0111e generacije \u010desto ga nemaju, pa se name\u0107e pitanje: <strong>odakle poti\u010de taj o\u017eiljak i za\u0161to ga nema svako?<\/strong><\/p>\n\n\n\n<p>Odgovor se krije u vakcini koju su nekada primala gotovo sva novoro\u0111en\u010dad \u2013 BCG vakcini.<\/p>\n\n\n\n<hr class=\"wp-block-separator has-alpha-channel-opacity\"\/>\n\n\n\n<h2 class=\"wp-block-heading\">\u0160ta je BCG vakcina?<\/h2>\n\n\n\n<p>BCG (Bacillus Calmette\u2013Gu\u00e9rin) vakcina je vakcina protiv tuberkuloze, ozbiljne zarazne bolesti koja naj\u010de\u0161\u0107e poga\u0111a plu\u0107a.<\/p>\n\n\n\n<p>U biv\u0161oj Jugoslaviji bila je dio obavezne imunizacije i davala se bebama u prvim danima \u017eivota, naj\u010de\u0161\u0107e <strong>u roku od 24 do 48 sati nakon ro\u0111enja<\/strong>.<\/p>\n\n\n\n<p>Vakcina se aplicira <strong>intrakutano u gornji dio lijeve nadlaktice<\/strong>, zbog \u010dega se upravo na tom mjestu kasnije javlja karakteristi\u010dan o\u017eiljak.<\/p>\n\n\n\n<hr class=\"wp-block-separator has-alpha-channel-opacity\"\/>\n\n\n\n<h2 class=\"wp-block-heading\">Kako nastaje o\u017eiljak?<\/h2>\n\n\n\n<p>Nakon vakcinacije, proces na ko\u017ei se razvija postepeno:<\/p>\n\n\n\n<ul class=\"wp-block-list\">\n<li>Poslije 2\u20133 sedmice javlja se mala crvenkasta promjena na ko\u017ei<\/li>\n\n\n\n<li>Kod neke djece pojavljuje se blago gnojenje ili krastica<\/li>\n\n\n\n<li>U narednih 1\u20132 mjeseca promjena zarasta i formira se mali o\u017eiljak<\/li>\n<\/ul>\n\n\n\n<p>Kod ve\u0107ine djece o\u017eiljak je diskretan i neprimjetan, ali kod nekih mo\u017ee biti izra\u017eeniji. Prema medicinskim podacima, <strong>manje od 10% djece uop\u0161te ne razvije vidljiv o\u017eiljak<\/strong>, iako su vakcinisana.<\/p>\n\n\n\n<hr class=\"wp-block-separator has-alpha-channel-opacity\"\/>\n\n\n\n<h2 class=\"wp-block-heading\">Za\u0161to mla\u0111e generacije \u010desto nemaju ovaj o\u017eiljak?<\/h2>\n\n\n\n<p>Razlog je promjena u vakcinalnim programima. U pojedinim dr\u017eavama i periodima, na\u010din primjene ili strategija vakcinacije se mijenjala, pa se danas BCG ne daje uvijek rutinski kao nekada, ili se primjenjuje samo u odre\u0111enim rizi\u010dnim situacijama.<\/p>\n\n\n\n<p>Zato mnogi mla\u0111i ljudi nemaju ovaj prepoznatljivi trag na ramenu.<\/p>\n\n\n\n<hr class=\"wp-block-separator has-alpha-channel-opacity\"\/>\n\n\n\n<h2 class=\"wp-block-heading\">Da li je o\u017eiljak znak da je vakcina bila uspje\u0161na?<\/h2>\n\n\n\n<p>Postojanje o\u017eiljka se nekada koristilo kao indikator da je do\u0161lo do reakcije organizma na vakcinu. Me\u0111utim, izostanak o\u017eiljka <strong>ne zna\u010di automatski da vakcina nije djelovala<\/strong>.<\/p>\n\n\n\n<p>U pro\u0161losti su postojale preporuke za revakcinaciju kod djece koja nisu razvila o\u017eiljak do odre\u0111ene dobi, ali kasnije analize su pokazale da dokazi o dodatnoj koristi ponovnog vakcinisanja nisu dovoljno jasni, naro\u010dito nakon prve godine \u017eivota.<\/p>\n\n\n\n<hr class=\"wp-block-separator has-alpha-channel-opacity\"\/>\n\n\n\n<h2 class=\"wp-block-heading\">Za\u0161to je BCG vakcina bila va\u017ena?<\/h2>\n\n\n\n<p>Tuberkuloza je nekada bila jedna od najopasnijih bolesti na ovim prostorima. BCG vakcina je uvedena kako bi se smanjio rizik od najte\u017eih oblika bolesti kod djece, posebno komplikacija koje mogu ugroziti \u017eivot.<\/p>\n\n\n\n<p>Zahvaljuju\u0107i vakcinaciji i javnozdravstvenim mjerama, danas je ova bolest znatno rje\u0111a nego prije nekoliko decenija.<\/p>\n\n\n\n<hr class=\"wp-block-separator has-alpha-channel-opacity\"\/>\n\n\n\n<h2 class=\"wp-block-heading\">O\u017eiljak kao generacijski \u201cpe\u010dat\u201d<\/h2>\n\n\n\n<p>Zbog svoje rasprostranjenosti, BCG o\u017eiljak je postao svojevrsni simbol generacija s Balkana. \u010cesto se kroz \u0161alu ka\u017ee da se ljudi iz ovog regiona mogu \u201eprepoznati po ramenu\u201c.<\/p>\n\n\n\n<p>Iako je mali i bezna\u010dajan sa zdravstvenog aspekta, za mnoge predstavlja podsjetnik na djetinjstvo, sistem zdravstva nekada\u0161nje dr\u017eave i jednu epohu koja je iza nas.<\/p>\n\n\n\n<hr class=\"wp-block-separator has-alpha-channel-opacity\"\/>\n\n\n\n<h2 class=\"wp-block-heading\">Zaklju\u010dak<\/h2>\n\n\n\n<p>O\u017eiljak na ramenu kod mnogih ro\u0111enih u SFRJ nastao je kao prirodna reakcija organizma na BCG vakcinu protiv tuberkuloze. Danas ga mla\u0111e generacije \u010desto nemaju zbog promjena u vakcinalnim programima i zdravstvenim strategijama.<\/p>\n\n\n\n<p>Mali trag na ko\u017ei tako je postao zanimljiv simbol jedne generacije \u2013 i podsjetnik na vrijeme kada su se javnozdravstvene kampanje vodile na druga\u010diji na\u010din.<\/p>\n\n\n\n<hr class=\"wp-block-separator has-alpha-channel-opacity\"\/>\n\n\n\n<p>\u2705 <strong>Napomena:<\/strong><br>Ovaj tekst je informativnog karaktera i ne predstavlja medicinski savjet. Za pitanja o vakcinaciji ili zdravlju obratite se kvalifikovanom zdravstvenom radniku.<\/p>\n","protected":false},"excerpt":{"rendered":"<p>Ako ste ro\u0111eni u biv\u0161oj Jugoslaviji, velike su \u0161anse da na lijevom ramenu imate mali okrugli o\u017eiljak. Za mnoge je to samo detalj na ko\u017ei koji nikada nisu posebno primje\u0107ivali \u2013 ali mla\u0111e generacije \u010desto ga nemaju, pa se name\u0107e pitanje: odakle poti\u010de taj o\u017eiljak i za\u0161to ga nema svako? Odgovor se krije u vakcini [&hellip;]<\/p>\n","protected":false},"author":1,"featured_media":67256,"comment_status":"closed","ping_status":"closed","sticky":false,"template":"","format":"standard","meta":{"footnotes":""},"categories":[14],"tags":[],"class_list":["post-67255","post","type-post","status-publish","format-standard","has-post-thumbnail","hentry","category-region"],"_links":{"self":[{"href":"https:\/\/vaterpolosrbija.rs\/index.php?rest_route=\/wp\/v2\/posts\/67255","targetHints":{"allow":["GET"]}}],"collection":[{"href":"https:\/\/vaterpolosrbija.rs\/index.php?rest_route=\/wp\/v2\/posts"}],"about":[{"href":"https:\/\/vaterpolosrbija.rs\/index.php?rest_route=\/wp\/v2\/types\/post"}],"author":[{"embeddable":true,"href":"https:\/\/vaterpolosrbija.rs\/index.php?rest_route=\/wp\/v2\/users\/1"}],"replies":[{"embeddable":true,"href":"https:\/\/vaterpolosrbija.rs\/index.php?rest_route=%2Fwp%2Fv2%2Fcomments&post=67255"}],"version-history":[{"count":0,"href":"https:\/\/vaterpolosrbija.rs\/index.php?rest_route=\/wp\/v2\/posts\/67255\/revisions"}],"wp:featuredmedia":[{"embeddable":true,"href":"https:\/\/vaterpolosrbija.rs\/index.php?rest_route=\/wp\/v2\/media\/67256"}],"wp:attachment":[{"href":"https:\/\/vaterpolosrbija.rs\/index.php?rest_route=%2Fwp%2Fv2%2Fmedia&parent=67255"}],"wp:term":[{"taxonomy":"category","embeddable":true,"href":"https:\/\/vaterpolosrbija.rs\/index.php?rest_route=%2Fwp%2Fv2%2Fcategories&post=67255"},{"taxonomy":"post_tag","embeddable":true,"href":"https:\/\/vaterpolosrbija.rs\/index.php?rest_route=%2Fwp%2Fv2%2Ftags&post=67255"}],"curies":[{"name":"wp","href":"https:\/\/api.w.org\/{rel}","templated":true}]}}