{"id":67242,"date":"2026-01-23T22:56:28","date_gmt":"2026-01-23T20:56:28","guid":{"rendered":"https:\/\/kvalitetvremena.com\/?p=67242"},"modified":"2026-01-23T22:56:28","modified_gmt":"2026-01-23T20:56:28","slug":"zahladenje-odnosa-beograda-i-vasingtona-politicke-poruke-istrage-i-diplomatski-signali","status":"publish","type":"post","link":"https:\/\/vaterpolosrbija.rs\/?p=67242","title":{"rendered":"Zahla\u0111enje odnosa Beograda i Va\u0161ingtona: politi\u010dke poruke, istrage i diplomatski signali"},"content":{"rendered":"\n<p>Odnosi izme\u0111u Srbije i Sjedinjenih Ameri\u010dkih Dr\u017eava poslednjih meseci privla\u010de pa\u017enju javnosti zbog niza politi\u010dkih poruka, izjava i diplomatskih poteza koji se u Beogradu tuma\u010de kao znak zahla\u0111enja. Iako ne postoji zvani\u010dna potvrda o ozbiljnoj krizi, pojedini doga\u0111aji i izjave otvorili su prostor za razli\u010dite interpretacije i zabrinutost.<\/p>\n\n\n\n<h4 class=\"wp-block-heading\">Izjave Donalda Trumpa i \u0161iri politi\u010dki kontekst<\/h4>\n\n\n\n<p>Tokom boravka na Svetskom ekonomskom forumu u Davosu, biv\u0161i ameri\u010dki predsednik Donald Trump ponovo je izneo tvrdnje o navodnim nepravilnostima na predsedni\u010dkim izborima u Sjedinjenim Ameri\u010dkim Dr\u017eavama 2020. godine. On je tom prilikom naveo da je istraga u vezi sa izbornim procesom pri kraju i da \u0107e, prema njegovim re\u010dima, svi koji su u\u010destvovali u eventualnim nezakonitim radnjama biti procesuirani.<\/p>\n\n\n\n<p>Iako Srbija nije direktno pomenuta u tim izjavama, u doma\u0107oj javnosti je pa\u017enju izazvala \u010dinjenica da je kompanija Dominion Voting Systems, \u010diji su sistemi kori\u0161\u0107eni na ameri\u010dkim izborima, imala evropsko sedi\u0161te u Beogradu. Ta okolnost je ranije bila predmet spekulacija u delu ameri\u010dke javnosti, iako za sada ne postoje zvani\u010dne optu\u017ebe ili potvr\u0111eni dokazi koji bi Srbiju dovodili u vezu sa izbornim procesom u SAD.<\/p>\n\n\n\n<h4 class=\"wp-block-heading\">Stavovi analiti\u010dara i politi\u010dka tuma\u010denja<\/h4>\n\n\n\n<p>Pojedini politi\u010dki analiti\u010dari ocenjuju da se radi o veoma osetljivoj temi koja mo\u017ee dodatno opteretiti odnose Beograda i Va\u0161ingtona. Ukazuje se na to da se u politi\u010dkom diskursu \u010desto koriste indicije i pretpostavke koje ne moraju imati pravnu te\u017einu, ali mogu imati sna\u017ean diplomatski efekat.<\/p>\n\n\n\n<p>U tom kontekstu, isti\u010de se da su optu\u017ebe i sumnje, \u010dak i kada nisu potkrepljene zvani\u010dnim nalazima, dovoljne da uti\u010du na percepciju jedne dr\u017eave u me\u0111unarodnim odnosima i da otvore prostor za dodatne provere i politi\u010dki pritisak.<\/p>\n\n\n\n<h4 class=\"wp-block-heading\">Diplomatija, carine i me\u0111unarodne inicijative<\/h4>\n\n\n\n<p>Dodatni signal koji je u Beogradu protuma\u010den kao negativan jeste \u010dinjenica da Srbija nije pozvana u inicijativu poznatu kao takozvani Odbor za mir, u koji su uklju\u010dene brojne dr\u017eave, me\u0111u njima i Kosovo. Taj potez deo javnosti vidi kao politi\u010dku poruku, odnosno kao znak udaljavanja Srbije od odre\u0111enih procesa koje predvodi Va\u0161ington.<\/p>\n\n\n\n<p>U prethodnom periodu zabele\u017eeni su i drugi potezi koji se dovode u vezu sa pogor\u0161anjem odnosa, poput uvo\u0111enja carinskih mera na odre\u0111enu robu, kao i promena u diplomatskom predstavljanju. Iako nijedan od tih poteza sam po sebi ne zna\u010di prekid saradnje, u zbiru doprinose utisku pove\u0107ane napetosti.<\/p>\n\n\n\n<h4 class=\"wp-block-heading\">Slu\u010daj investicije u Beogradu i dodatne komplikacije<\/h4>\n\n\n\n<p>Odnose dve zemlje dodatno je zakomplikovala i situacija oko planirane investicije na lokaciji biv\u0161eg General\u0161taba u Beogradu, u koju je bila uklju\u010dena kompanija povezana sa Jaredom Kushnerom. Nakon javnih protesta i pravnih sporova, investitor se povukao iz projekta, \u0161to je otvorilo nova pitanja o politi\u010dkim i poslovnim vezama.<\/p>\n\n\n\n<h4 class=\"wp-block-heading\">Srbija na me\u0111unarodnoj sceni<\/h4>\n\n\n\n<p>U isto vreme, zvani\u010dnici Srbije nastoje da istaknu kontinuitet prisustva zemlje na velikim me\u0111unarodnim skupovima. Tokom foruma u Davosu, nagla\u0161eno je dugogodi\u0161nje u\u010de\u0161\u0107e Srbije i njena uloga u regionalnim temama, uz poruku da Beograd ostaje otvoren za dijalog i saradnju sa svim relevantnim me\u0111unarodnim partnerima.<\/p>\n\n\n\n<h4 class=\"wp-block-heading\">Zaklju\u010dak<\/h4>\n\n\n\n<p>Aktuelna situacija u odnosima Srbije i Sjedinjenih Ameri\u010dkih Dr\u017eava pokazuje koliko su savremeni diplomatski odnosi slo\u017eeni i podlo\u017eni politi\u010dkim interpretacijama. Iako ne postoje zvani\u010dne sankcije niti potvr\u0111ene istrage usmerene ka Srbiji, kombinacija politi\u010dkih izjava, simboli\u010dnih poteza i nere\u0161enih pitanja doprinosi ose\u0107aju neizvesnosti.<\/p>\n\n\n\n<p>U narednom periodu klju\u010dnu ulogu ima\u0107e diplomatski kanali, smirivanje retorike i jasno razdvajanje politi\u010dkih tvrdnji od institucionalnih odluka, kako bi se izbegle dalje tenzije i sa\u010duvala stabilnost odnosa.<\/p>\n","protected":false},"excerpt":{"rendered":"<p>Odnosi izme\u0111u Srbije i Sjedinjenih Ameri\u010dkih Dr\u017eava poslednjih meseci privla\u010de pa\u017enju javnosti zbog niza politi\u010dkih poruka, izjava i diplomatskih poteza koji se u Beogradu tuma\u010de kao znak zahla\u0111enja. Iako ne postoji zvani\u010dna potvrda o ozbiljnoj krizi, pojedini doga\u0111aji i izjave otvorili su prostor za razli\u010dite interpretacije i zabrinutost. Izjave Donalda Trumpa i \u0161iri politi\u010dki kontekst [&hellip;]<\/p>\n","protected":false},"author":1,"featured_media":67243,"comment_status":"closed","ping_status":"closed","sticky":false,"template":"","format":"standard","meta":{"footnotes":""},"categories":[10],"tags":[],"class_list":["post-67242","post","type-post","status-publish","format-standard","has-post-thumbnail","hentry","category-zanimljivosti"],"_links":{"self":[{"href":"https:\/\/vaterpolosrbija.rs\/index.php?rest_route=\/wp\/v2\/posts\/67242","targetHints":{"allow":["GET"]}}],"collection":[{"href":"https:\/\/vaterpolosrbija.rs\/index.php?rest_route=\/wp\/v2\/posts"}],"about":[{"href":"https:\/\/vaterpolosrbija.rs\/index.php?rest_route=\/wp\/v2\/types\/post"}],"author":[{"embeddable":true,"href":"https:\/\/vaterpolosrbija.rs\/index.php?rest_route=\/wp\/v2\/users\/1"}],"replies":[{"embeddable":true,"href":"https:\/\/vaterpolosrbija.rs\/index.php?rest_route=%2Fwp%2Fv2%2Fcomments&post=67242"}],"version-history":[{"count":0,"href":"https:\/\/vaterpolosrbija.rs\/index.php?rest_route=\/wp\/v2\/posts\/67242\/revisions"}],"wp:featuredmedia":[{"embeddable":true,"href":"https:\/\/vaterpolosrbija.rs\/index.php?rest_route=\/wp\/v2\/media\/67243"}],"wp:attachment":[{"href":"https:\/\/vaterpolosrbija.rs\/index.php?rest_route=%2Fwp%2Fv2%2Fmedia&parent=67242"}],"wp:term":[{"taxonomy":"category","embeddable":true,"href":"https:\/\/vaterpolosrbija.rs\/index.php?rest_route=%2Fwp%2Fv2%2Fcategories&post=67242"},{"taxonomy":"post_tag","embeddable":true,"href":"https:\/\/vaterpolosrbija.rs\/index.php?rest_route=%2Fwp%2Fv2%2Ftags&post=67242"}],"curies":[{"name":"wp","href":"https:\/\/api.w.org\/{rel}","templated":true}]}}