{"id":67225,"date":"2026-01-23T21:25:03","date_gmt":"2026-01-23T19:25:03","guid":{"rendered":"https:\/\/kvalitetvremena.com\/?p=67225"},"modified":"2026-01-23T21:25:03","modified_gmt":"2026-01-23T19:25:03","slug":"internet-iluzija-koja-zbunjuje-na-prvi-pogled-zasto-svi-pogresno-vide-ovaj-peskir-u-kupatilu","status":"publish","type":"post","link":"https:\/\/vaterpolosrbija.rs\/?p=67225","title":{"rendered":"Internet iluzija koja zbunjuje na prvi pogled: Za\u0161to svi pogre\u0161no vide ovaj pe\u0161kir u kupatilu"},"content":{"rendered":"\n<p>Ulazite u kupatilo svog deteta, bacite pogled ka polici ili lavabou \u2013 i na trenutak se zbunite.<br>\u201e\u010cekaj\u2026 \u0161ta je ovo?\u201c<\/p>\n\n\n\n<p>Pogled vam se zadr\u017ei, ma\u0161ta krene da radi, a roditeljski alarm se nakratko uklju\u010di. Ali \u2013 stanite. Duboko udahnite i pogledajte ponovo.<\/p>\n\n\n\n<p>Ono \u0161to vidite nije ono \u0161to ste prvo pomislili.<br>Nije nepristojno.<br>Nije neprimereno.<br>I nije ni\u0161ta ozbiljno \u2013 osim mo\u017eda male, bezazlene \u0161ale.<\/p>\n\n\n\n<p>Dobro do\u0161li u jedan od najzanimljivijih internet fenomena \u2013 <strong>iluziju pe\u0161kira<\/strong>.<\/p>\n\n\n\n<hr class=\"wp-block-separator has-alpha-channel-opacity\"\/>\n\n\n\n<h3 class=\"wp-block-heading\">Kako su pe\u0161kir i rukavica osvojili internet<\/h3>\n\n\n\n<p>Sve je po\u010delo sasvim bezazleno. Fotografija obi\u010dnog kupatila pojavila se na dru\u0161tvenim mre\u017eama, a za samo nekoliko sati izazvala je lavinu reakcija. Razlog? Slika je savr\u0161eno prevarila ljudski mozak.<\/p>\n\n\n\n<p>Na prvi pogled, prizor deluje zbunjuju\u0107e. Ljudi su se vra\u0107ali fotografiji vi\u0161e puta, poku\u0161avaju\u0107i da shvate \u0161ta ta\u010dno gledaju. Komentari su bili puni iznena\u0111enja i humora.<\/p>\n\n\n\n<p>A \u0161ta se zapravo nalazi na slici?<\/p>\n\n\n\n<ul class=\"wp-block-list\">\n<li>sivi pe\u0161kir \u010dvrsto uvijen u oblik valjka<\/li>\n\n\n\n<li>plava gumena rukavica postavljena u jedan kraj<\/li>\n\n\n\n<li>gumica ili vezica koja sve dr\u017ei na okupu<\/li>\n\n\n\n<li>bo\u010dica gela za tu\u0161iranje pored, koja dodatno uti\u010de na percepciju<\/li>\n<\/ul>\n\n\n\n<p>I to je sve.<br>Samo svakodnevni predmeti, slo\u017eeni na na\u010din koji lako zbuni posmatra\u010da.<\/p>\n\n\n\n<hr class=\"wp-block-separator has-alpha-channel-opacity\"\/>\n\n\n\n<h3 class=\"wp-block-heading\">Za\u0161to na\u0161 mozak pogre\u0161no tuma\u010di ono \u0161to vidi?<\/h3>\n\n\n\n<p>Ova iluzija funkcioni\u0161e zahvaljuju\u0107i psiholo\u0161kom fenomenu koji se zove <strong>pareidolija<\/strong> \u2013 sklonost mozga da u nasumi\u010dnim oblicima prepoznaje poznate forme. Isto se de\u0161ava kada vidimo lica u oblacima ili oblike u senkama.<\/p>\n\n\n\n<p>Mozak stalno tra\u017ei zna\u010denje i obrasce. Kada nai\u0111e na odre\u0111ene proporcije i kontekst, on automatski popunjava praznine \u2013 \u010desto prebrzo.<\/p>\n\n\n\n<p>Zato je ova iluzija toliko uspe\u0161na:<br>nije neprimerena, ali je dovoljno neobi\u010dna da vas na trenutak navede na pogre\u0161an zaklju\u010dak. A kada shvatite istinu \u2013 osmeh je gotovo zagarantovan.<\/p>\n\n\n\n<hr class=\"wp-block-separator has-alpha-channel-opacity\"\/>\n\n\n\n<h3 class=\"wp-block-heading\">Reakcije na dru\u0161tvenim mre\u017eama<\/h3>\n\n\n\n<p>Kada se fotografija pojavila na Redditu i platformi X (biv\u0161i Twitter), reakcije su bile masovne.<\/p>\n\n\n\n<p>Neki od komentara glasili su:<\/p>\n\n\n\n<ul class=\"wp-block-list\">\n<li>\u201eMorao sam da pogledam sliku tri puta.\u201c<\/li>\n\n\n\n<li>\u201eMozak mi je odradio pre\u010dicu \u2013 i pogre\u0161io.\u201c<\/li>\n\n\n\n<li>\u201eOvo je savr\u0161en primer kako nas percepcija vara.\u201c<\/li>\n<\/ul>\n\n\n\n<p>Mnogi su zatim po\u010deli da prave sopstvene verzije iluzije, dodaju\u0107i detalje i dele\u0107i fotografije, pretvaraju\u0107i sve u zabavan internet trend.<\/p>\n\n\n\n<hr class=\"wp-block-separator has-alpha-channel-opacity\"\/>\n\n\n\n<h3 class=\"wp-block-heading\">Snaga vizuelnog konteksta<\/h3>\n\n\n\n<p>Ova pri\u010da je dobar podsetnik da na\u0161 mozak \u010desto donosi brze zaklju\u010dke na osnovu ograni\u010denih informacija. U ve\u0107ini situacija to nam poma\u017ee, ali ponekad vodi do simpati\u010dnih i sme\u0161nih gre\u0161aka.<\/p>\n\n\n\n<p>Isto se de\u0161ava sa opti\u010dkim iluzijama, senkama u mraku ili neo\u010dekivanim rasporedom predmeta u prostoru.<\/p>\n\n\n\n<hr class=\"wp-block-separator has-alpha-channel-opacity\"\/>\n\n\n\n<h3 class=\"wp-block-heading\">\u017delite da isprobate sami?<\/h3>\n\n\n\n<p>Ako imate smisla za humor i \u017eelite da testirate reakcije uku\u0107ana:<\/p>\n\n\n\n<ul class=\"wp-block-list\">\n<li>uvijte neutralno obojen pe\u0161kir u oblik valjka<\/li>\n\n\n\n<li>u jedan kraj postavite gumenu rukavicu<\/li>\n\n\n\n<li>u\u010dvrstite gumicom<\/li>\n\n\n\n<li>dodajte bo\u010dicu kupatilske kozmetike pored<\/li>\n\n\n\n<li>odmaknite se i sa\u010dekajte reakciju<\/li>\n<\/ul>\n\n\n\n<p>Iznena\u0111enje je gotovo zagarantovano.<\/p>\n\n\n\n<hr class=\"wp-block-separator has-alpha-channel-opacity\"\/>\n\n\n\n<h3 class=\"wp-block-heading\">Kada obi\u010dni predmeti postanu internet legenda<\/h3>\n\n\n\n<p>Ova iluzija nije postala popularna zbog provokacije, ve\u0107 zbog savr\u0161enog spoja kreativnosti i na\u010dina na koji ljudski mozak funkcioni\u0161e. Bez tehnologije i efekata \u2013 samo igra percepcije.<\/p>\n\n\n\n<p>Slede\u0107i put kada vam ne\u0161to u kupatilu deluje \u010dudno, pogledajte jo\u0161 jednom.<br>Mo\u017eda je to samo \u2013 pe\u0161kir.<\/p>\n","protected":false},"excerpt":{"rendered":"<p>Ulazite u kupatilo svog deteta, bacite pogled ka polici ili lavabou \u2013 i na trenutak se zbunite.\u201e\u010cekaj\u2026 \u0161ta je ovo?\u201c Pogled vam se zadr\u017ei, ma\u0161ta krene da radi, a roditeljski alarm se nakratko uklju\u010di. Ali \u2013 stanite. Duboko udahnite i pogledajte ponovo. Ono \u0161to vidite nije ono \u0161to ste prvo pomislili.Nije nepristojno.Nije neprimereno.I nije ni\u0161ta [&hellip;]<\/p>\n","protected":false},"author":1,"featured_media":67226,"comment_status":"closed","ping_status":"closed","sticky":false,"template":"","format":"standard","meta":{"footnotes":""},"categories":[12],"tags":[],"class_list":["post-67225","post","type-post","status-publish","format-standard","has-post-thumbnail","hentry","category-ispovijest"],"_links":{"self":[{"href":"https:\/\/vaterpolosrbija.rs\/index.php?rest_route=\/wp\/v2\/posts\/67225","targetHints":{"allow":["GET"]}}],"collection":[{"href":"https:\/\/vaterpolosrbija.rs\/index.php?rest_route=\/wp\/v2\/posts"}],"about":[{"href":"https:\/\/vaterpolosrbija.rs\/index.php?rest_route=\/wp\/v2\/types\/post"}],"author":[{"embeddable":true,"href":"https:\/\/vaterpolosrbija.rs\/index.php?rest_route=\/wp\/v2\/users\/1"}],"replies":[{"embeddable":true,"href":"https:\/\/vaterpolosrbija.rs\/index.php?rest_route=%2Fwp%2Fv2%2Fcomments&post=67225"}],"version-history":[{"count":0,"href":"https:\/\/vaterpolosrbija.rs\/index.php?rest_route=\/wp\/v2\/posts\/67225\/revisions"}],"wp:featuredmedia":[{"embeddable":true,"href":"https:\/\/vaterpolosrbija.rs\/index.php?rest_route=\/wp\/v2\/media\/67226"}],"wp:attachment":[{"href":"https:\/\/vaterpolosrbija.rs\/index.php?rest_route=%2Fwp%2Fv2%2Fmedia&parent=67225"}],"wp:term":[{"taxonomy":"category","embeddable":true,"href":"https:\/\/vaterpolosrbija.rs\/index.php?rest_route=%2Fwp%2Fv2%2Fcategories&post=67225"},{"taxonomy":"post_tag","embeddable":true,"href":"https:\/\/vaterpolosrbija.rs\/index.php?rest_route=%2Fwp%2Fv2%2Ftags&post=67225"}],"curies":[{"name":"wp","href":"https:\/\/api.w.org\/{rel}","templated":true}]}}