{"id":67215,"date":"2026-01-23T15:45:37","date_gmt":"2026-01-23T13:45:37","guid":{"rendered":"https:\/\/kvalitetvremena.com\/?p=67215"},"modified":"2026-01-23T15:45:37","modified_gmt":"2026-01-23T13:45:37","slug":"predstojecih-48-sati-kako-iskoristiti-energiju-transformacije-i-otvoriti-vrata-novih-prilika","status":"publish","type":"post","link":"https:\/\/vaterpolosrbija.rs\/?p=67215","title":{"rendered":"Predstoje\u0107ih 48 sati: Kako iskoristiti energiju transformacije i otvoriti vrata novih prilika"},"content":{"rendered":"\n<p>U naredna 48 sati pred nama je period intenzivnih promjena, koji mo\u017ee donijeti zna\u010dajne preokrete u \u017eivotu \u2013 emotivnom, poslovnom i li\u010dnom. Ovaj period pru\u017ea priliku da se oslobodimo starih tereta, prepoznamo unutra\u0161nju snagu i donesemo hrabre odluke koje \u0107e oblikovati budu\u0107nost.<\/p>\n\n\n\n<h3 class=\"wp-block-heading\">Unutra\u0161nja snaga koja se budi<\/h3>\n\n\n\n<p>Za one koji osje\u0107aju vezanost za vodu i zemlju, naredni dani donose trenutke preobra\u017eaja. Ljudi koji dugo odla\u017eu va\u017ene odluke sada mogu osjetiti sna\u017ean poriv da se suo\u010de sa strahovima i neizvjesnostima koje ih sputavaju. To mo\u017ee uklju\u010divati:<\/p>\n\n\n\n<ul class=\"wp-block-list\">\n<li>Odluku o prekidu toksi\u010dnih odnosa ili veza<\/li>\n\n\n\n<li>Napu\u0161tanje posla koji ne donosi zadovoljstvo<\/li>\n\n\n\n<li>Korak prema \u017eivotu koji su dugo pri\u017eeljkivali<\/li>\n<\/ul>\n\n\n\n<p>Na emotivnom planu, neo\u010dekivani susreti ili iskreni razgovori mogu otvoriti vrata novim prilikama. Za one u vezi, ovo je trenutak za otvorenu komunikaciju \u2013 nesporazumi se razja\u0161njavaju, a emocionalna energija balansira.<\/p>\n\n\n\n<p>Poslovno, hrabrost i odlu\u010dnost donose konkretne rezultate. Neo\u010dekivani pozivi, projekti ili ponude mogu otvoriti vrata zna\u010dajnim promjenama. Oni koji vjeruju u svoje sposobnosti sada imaju priliku pokazati svoj potencijal.<\/p>\n\n\n\n<h3 class=\"wp-block-heading\">Srce koje postaje vodi\u010d<\/h3>\n\n\n\n<p>Emotivni i introspektivni pojedinci prolaze kroz period iscjeljuju\u0107ih preokreta. Emocije koje se javljaju u ovom periodu poma\u017eu zatvaranju starih rana i otvaranju srca za nova iskustva:<\/p>\n\n\n\n<ul class=\"wp-block-list\">\n<li>Priznanje osje\u0107aja i tra\u017eenje ili davanje oprosta<\/li>\n\n\n\n<li>Dublja i iskrenija komunikacija u stabilnim vezama<\/li>\n\n\n\n<li>Susreti koji donose osje\u0107aj unutra\u0161njeg mira<\/li>\n<\/ul>\n\n\n\n<p>Na profesionalnom planu, neo\u010dekivane prilike mogu izgledati rizi\u010dno, ali skrivaju potencijal za napredak. Intuicija igra klju\u010dnu ulogu \u2013 ona poma\u017ee da donesete odluke \u010dak i kada logika sumnja.<\/p>\n\n\n\n<h3 class=\"wp-block-heading\">Kako iskoristiti naredna 48 sati<\/h3>\n\n\n\n<p>Ovaj period nosi energiju transformacije, osloba\u0111anja i unutra\u0161njeg bu\u0111enja. Evo nekoliko savjeta kako maksimalno iskoristiti predstoje\u0107i period:<\/p>\n\n\n\n<ol class=\"wp-block-list\">\n<li><strong>Oslobodite se pro\u0161lih tereta:<\/strong> Prepoznajte sve \u0161to vas sputava i donesite odluku da se odvojite od negativnih uticaja.<\/li>\n\n\n\n<li><strong>Pratite intuiciju:<\/strong> Prihvatite unutra\u0161nji glas kao vodi\u010d kroz emotivne i poslovne odluke.<\/li>\n\n\n\n<li><strong>Budite hrabri:<\/strong> Iskoristite prilike koje se pojavljuju, \u010dak i ako izgledaju neobi\u010dno ili izazovno.<\/li>\n\n\n\n<li><strong>Oja\u010dajte veze:<\/strong> Otvorena i iskrena komunikacija donosi harmoniju u odnosima.<\/li>\n\n\n\n<li><strong>Fokus na li\u010dni rast:<\/strong> Iskoristite ovaj period za introspektivne promjene, li\u010dno osna\u017eivanje i postavljanje novih ciljeva.<\/li>\n<\/ol>\n\n\n\n<h3 class=\"wp-block-heading\">Zaklju\u010dak<\/h3>\n\n\n\n<p>Predstoje\u0107ih 48 sati donosi energiju promjene i transformacije. Oni koji su spremni osloboditi pro\u0161lost, prihvatiti promjenu i vjerovati u vlastitu snagu, otvara\u0107e vrata novim prilikama i unutra\u0161njoj harmoniji. Svaka odluka, koliko god mala izgledala, sada mo\u017ee imati dugoro\u010dni uticaj na va\u0161 \u017eivot, donose\u0107i stabilnost, balans i mir.<\/p>\n","protected":false},"excerpt":{"rendered":"<p>U naredna 48 sati pred nama je period intenzivnih promjena, koji mo\u017ee donijeti zna\u010dajne preokrete u \u017eivotu \u2013 emotivnom, poslovnom i li\u010dnom. Ovaj period pru\u017ea priliku da se oslobodimo starih tereta, prepoznamo unutra\u0161nju snagu i donesemo hrabre odluke koje \u0107e oblikovati budu\u0107nost. Unutra\u0161nja snaga koja se budi Za one koji osje\u0107aju vezanost za vodu i [&hellip;]<\/p>\n","protected":false},"author":1,"featured_media":67216,"comment_status":"closed","ping_status":"closed","sticky":false,"template":"","format":"standard","meta":{"footnotes":""},"categories":[10],"tags":[],"class_list":["post-67215","post","type-post","status-publish","format-standard","has-post-thumbnail","hentry","category-zanimljivosti"],"_links":{"self":[{"href":"https:\/\/vaterpolosrbija.rs\/index.php?rest_route=\/wp\/v2\/posts\/67215","targetHints":{"allow":["GET"]}}],"collection":[{"href":"https:\/\/vaterpolosrbija.rs\/index.php?rest_route=\/wp\/v2\/posts"}],"about":[{"href":"https:\/\/vaterpolosrbija.rs\/index.php?rest_route=\/wp\/v2\/types\/post"}],"author":[{"embeddable":true,"href":"https:\/\/vaterpolosrbija.rs\/index.php?rest_route=\/wp\/v2\/users\/1"}],"replies":[{"embeddable":true,"href":"https:\/\/vaterpolosrbija.rs\/index.php?rest_route=%2Fwp%2Fv2%2Fcomments&post=67215"}],"version-history":[{"count":0,"href":"https:\/\/vaterpolosrbija.rs\/index.php?rest_route=\/wp\/v2\/posts\/67215\/revisions"}],"wp:featuredmedia":[{"embeddable":true,"href":"https:\/\/vaterpolosrbija.rs\/index.php?rest_route=\/wp\/v2\/media\/67216"}],"wp:attachment":[{"href":"https:\/\/vaterpolosrbija.rs\/index.php?rest_route=%2Fwp%2Fv2%2Fmedia&parent=67215"}],"wp:term":[{"taxonomy":"category","embeddable":true,"href":"https:\/\/vaterpolosrbija.rs\/index.php?rest_route=%2Fwp%2Fv2%2Fcategories&post=67215"},{"taxonomy":"post_tag","embeddable":true,"href":"https:\/\/vaterpolosrbija.rs\/index.php?rest_route=%2Fwp%2Fv2%2Ftags&post=67215"}],"curies":[{"name":"wp","href":"https:\/\/api.w.org\/{rel}","templated":true}]}}