{"id":67206,"date":"2026-01-23T13:58:28","date_gmt":"2026-01-23T11:58:28","guid":{"rendered":"https:\/\/kvalitetvremena.com\/?p=67206"},"modified":"2026-01-23T13:58:28","modified_gmt":"2026-01-23T11:58:28","slug":"zasto-je-dete-govorilo-da-je-krevet-previse-mali-tiha-porodicna-prica-o-brizi-bolesti-i-ljubavi","status":"publish","type":"post","link":"https:\/\/vaterpolosrbija.rs\/?p=67206","title":{"rendered":"Za\u0161to je dete govorilo da je krevet previ\u0161e mali: tiha porodi\u010dna pri\u010da o brizi, bolesti i ljubavi"},"content":{"rendered":"\n<p>Na prvi pogled, re\u010denica jednog deteta mo\u017ee delovati bezazleno. Kada osmogodi\u0161nja devoj\u010dica svako jutro ponavlja da joj je krevet previ\u0161e mali, ve\u0107ina roditelja bi to pripisala snovima, ma\u0161ti ili fazi odrastanja. Me\u0111utim, ponekad se iza de\u010djih re\u010di krije ne\u0161to mnogo dublje, ne\u0161to \u0161to odrasli ne prime\u0107uju odmah.<\/p>\n\n\n\n<p>Ovo je pri\u010da o jednoj porodici, o brizi koja prerasta u strah, ali i o razumevanju koje dolazi tek kada se sagleda \u0161ira slika.<\/p>\n\n\n\n<p>Laura Mitchell \u017eivela je sa \u0107erkom Emilijom i suprugom Danielom u mirnom porodi\u010dnom naselju. Njihov svakodnevni \u017eivot bio je ure\u0111en i stabilan, a Emilija je imala svoju sobu u kojoj je spavala sama, kako su roditelji smatrali da je va\u017eno za njenu samostalnost. Ipak, tokom nekoliko uzastopnih jutara, Emilija je po\u010dela da govori isto: da joj je tokom no\u0107i bilo neprijatno jer joj je krevet delovao previ\u0161e tesno.<\/p>\n\n\n\n<p>U po\u010detku, Laura je poku\u0161avala da objasni situaciju racionalno. Pretpostavila je da se dete tokom sna mnogo pomera ili da ima \u017eivopisne snove. Me\u0111utim, zabrinutost je rasla kada je Emilija dodala da ima ose\u0107aj kao da neko le\u017ei pored nje. Te re\u010di su kod majke probudile nemir koji nije mogla da ignori\u0161e.<\/p>\n\n\n\n<p>Daniel je situaciju do\u017eivljavao smirenije. Kao lekar, bio je sklon racionalnim obja\u0161njenjima i smatrao je da nema razloga za paniku. Ipak, kako bi umirila sebe i proverila da li se ne\u0161to neobi\u010dno zaista de\u0161ava, Laura je odlu\u010dila da u Emilijinu sobu postavi diskretnu sigurnosnu kameru.<\/p>\n\n\n\n<p>Odgovor je stigao iste no\u0107i, u dva sata ujutru.<\/p>\n\n\n\n<p>Na snimku se jasno videlo kako starija \u017eena polako ulazi u de\u010dju sobu i seda na ivicu kreveta. Nije bilo naglih pokreta, niti agresije. Samo tiho prisustvo. Laura je odmah prepoznala lik svoje svekrve Margaret, \u017eene koja je \u017eivela sa njima i koja je bila u ranoj fazi Alchajmerove bolesti.<\/p>\n\n\n\n<p>Margaret je, dezorijentisana i vo\u0111ena se\u0107anjima iz pro\u0161losti, tokom no\u0107i tra\u017eila ose\u0107aj sigurnosti koji je nekada imala. U njenoj percepciji, de\u010dja soba i Emilija predstavljale su uto\u010di\u0161te, mesto topline i bliskosti. Nije bila svesna da time zbunjuje i pla\u0161i dete, niti je razumela granice prostora koje su odrasli jasno videli.<\/p>\n\n\n\n<p>Za Lauru je ovaj trenutak bio emotivno izuzetno te\u017eak. Suze koje su joj potekle nisu bile samo zbog straha za \u0107erku, ve\u0107 i zbog saose\u0107anja prema \u017eeni koju je bolest polako udaljavala od stvarnosti. Shvatila je da Emilijin krevet nije bio mali zato \u0161to dete nije imalo prostora, ve\u0107 zato \u0161to je u tom prostoru bilo mesta za jo\u0161 jednu osobu koja je nesvesno tra\u017eila utehu.<\/p>\n\n\n\n<p>Ova situacija otvorila je va\u017ene razgovore unutar porodice. Preduzete su mere kako bi se Margaret obezbedila no\u0107u, ali i kako bi se Emiliji pru\u017eio ose\u0107aj sigurnosti i obja\u0161njenje primereno njenom uzrastu. Umesto straha, porodica je odlu\u010dila da odgovori razumevanjem i brigom.<\/p>\n\n\n\n<p>Pri\u010da ove porodice podse\u0107a nas na nekoliko va\u017enih stvari. Deca \u010desto ose\u0107aju i prime\u0107uju promene pre nego \u0161to ih odrasli racionalizuju. Tako\u0111e, bolesti poput Alchajmera ne uti\u010du samo na osobu koja je obolela, ve\u0107 i na celu porodicu, menjaju\u0107i odnose i svakodnevne navike.<\/p>\n\n\n\n<p>Iznad svega, ova pri\u010da govori o me\u0111ugeneracijskoj povezanosti. O potrebi za blisko\u0161\u0107u koja ne nestaje sa godinama, ve\u0107 se ponekad vra\u0107a u najti\u0161im, najneo\u010dekivanijim oblicima. Razumevanje, strpljenje i otvoren razgovor \u010desto su klju\u010d da se iza neobi\u010dnih situacija prona\u0111e istina koja vodi ka ve\u0107oj brizi i me\u0111usobnom po\u0161tovanju.<\/p>\n","protected":false},"excerpt":{"rendered":"<p>Na prvi pogled, re\u010denica jednog deteta mo\u017ee delovati bezazleno. Kada osmogodi\u0161nja devoj\u010dica svako jutro ponavlja da joj je krevet previ\u0161e mali, ve\u0107ina roditelja bi to pripisala snovima, ma\u0161ti ili fazi odrastanja. Me\u0111utim, ponekad se iza de\u010djih re\u010di krije ne\u0161to mnogo dublje, ne\u0161to \u0161to odrasli ne prime\u0107uju odmah. Ovo je pri\u010da o jednoj porodici, o brizi [&hellip;]<\/p>\n","protected":false},"author":1,"featured_media":67207,"comment_status":"closed","ping_status":"closed","sticky":false,"template":"","format":"standard","meta":{"footnotes":""},"categories":[12],"tags":[],"class_list":["post-67206","post","type-post","status-publish","format-standard","has-post-thumbnail","hentry","category-ispovijest"],"_links":{"self":[{"href":"https:\/\/vaterpolosrbija.rs\/index.php?rest_route=\/wp\/v2\/posts\/67206","targetHints":{"allow":["GET"]}}],"collection":[{"href":"https:\/\/vaterpolosrbija.rs\/index.php?rest_route=\/wp\/v2\/posts"}],"about":[{"href":"https:\/\/vaterpolosrbija.rs\/index.php?rest_route=\/wp\/v2\/types\/post"}],"author":[{"embeddable":true,"href":"https:\/\/vaterpolosrbija.rs\/index.php?rest_route=\/wp\/v2\/users\/1"}],"replies":[{"embeddable":true,"href":"https:\/\/vaterpolosrbija.rs\/index.php?rest_route=%2Fwp%2Fv2%2Fcomments&post=67206"}],"version-history":[{"count":0,"href":"https:\/\/vaterpolosrbija.rs\/index.php?rest_route=\/wp\/v2\/posts\/67206\/revisions"}],"wp:featuredmedia":[{"embeddable":true,"href":"https:\/\/vaterpolosrbija.rs\/index.php?rest_route=\/wp\/v2\/media\/67207"}],"wp:attachment":[{"href":"https:\/\/vaterpolosrbija.rs\/index.php?rest_route=%2Fwp%2Fv2%2Fmedia&parent=67206"}],"wp:term":[{"taxonomy":"category","embeddable":true,"href":"https:\/\/vaterpolosrbija.rs\/index.php?rest_route=%2Fwp%2Fv2%2Fcategories&post=67206"},{"taxonomy":"post_tag","embeddable":true,"href":"https:\/\/vaterpolosrbija.rs\/index.php?rest_route=%2Fwp%2Fv2%2Ftags&post=67206"}],"curies":[{"name":"wp","href":"https:\/\/api.w.org\/{rel}","templated":true}]}}