{"id":67197,"date":"2026-01-23T13:00:01","date_gmt":"2026-01-23T11:00:01","guid":{"rendered":"https:\/\/kvalitetvremena.com\/?p=67197"},"modified":"2026-01-23T13:00:01","modified_gmt":"2026-01-23T11:00:01","slug":"danas-se-obiljezava-vazan-pravoslavni-praznik-evo-sta-se-prema-obicaju-obavezno-radi-i-sta-treba-izbjegavati","status":"publish","type":"post","link":"https:\/\/vaterpolosrbija.rs\/?p=67197","title":{"rendered":"Danas se obilje\u017eava va\u017ean pravoslavni praznik Evo \u0161ta se prema obi\u010daju obavezno radi i \u0161ta treba izbjegavati"},"content":{"rendered":"\n<p>Srpska pravoslavna crkva danas obilje\u017eava praznik posve\u0107en Svetom Grigoriju Niskom, jednom od najzna\u010dajnijih svetitelja i bogoslova u istoriji hri\u0161\u0107anstva. Ovaj dan ima posebno duhovno zna\u010denje i prati ga niz obi\u010daja i vjerovanja koji su usmjereni na unutra\u0161nji mir, pra\u0161tanje i duhovno preispitivanje.<\/p>\n\n\n\n<p>Ko je bio Sveti Grigorije Niski<br>Sveti Grigorije Niski bio je mla\u0111i brat Svetog Vasilija Velikog i blizak prijatelj Svetog Grigorija Bogoslova, sa kojima \u010dini grupu takozvanih Kapadokijskih otaca. Smatra se jednim od najobrazovanijih i najdubljih mislilaca svog vremena.<\/p>\n\n\n\n<p>U mladosti je bio o\u017eenjen i obavljao slu\u017ebu prezvitera. Tek nakon smrti svoje supruge, bla\u017eene Teozove, izabran je za episkopa grada Nise. Njegov \u017eivot bio je obilje\u017een velikom u\u010denosti, ali i stradanjem. Bio je poznat kao izuzetan besjednik, bogoslov i tuma\u010d Svetog pisma, a prema crkvenom predanju, u\u010destvovao je u oblikovanju drugog dijela Simbola vere.<\/p>\n\n\n\n<p>Sveti Grigorije Niski u\u010destvovao je na Drugom vaseljenskom saboru i dao nemjerljiv doprinos u\u010dvr\u0161\u0107ivanju pravoslavnog u\u010denja. U vrijeme cara Valenta bio je nepravedno svrgnut sa episkopske stolice i prognan, gdje je proveo osam te\u0161kih godina podnose\u0107i poni\u017eenja i nepravdu sa velikim strpljenjem i vjerom.<\/p>\n\n\n\n<p>Upokojio se u dubokoj starosti krajem \u010detvrtog vijeka, ostaviv\u0161i za sobom sna\u017eno duhovno naslje\u0111e koje Crkva po\u0161tuje do danas.<\/p>\n\n\n\n<p>Kada se obilje\u017eava praznik<br>Praznik Svetog Grigorija Niskog obilje\u017eava se 10. januara po crkvenom, odnosno 23. januara po gregorijanskom kalendaru.<\/p>\n\n\n\n<p>Duhovno zna\u010denje praznika<br>Ovaj dan u narodnoj tradiciji sna\u017eno je povezan sa pra\u0161tanjem i pomirenjem. Smatra se da bi vjernici danas trebalo da oproste svima koji su im nanijeli nepravdu, ali i da sami zatra\u017ee oprost ako su nekoga povrijedili. Pra\u0161tanje se ne smatra slabo\u0161\u0107u, ve\u0107 snagom i putem ka unutra\u0161njem miru.<\/p>\n\n\n\n<p>Sveti Grigorije Niski u\u010dio je da bez pravde, milosti i oprosta nema istinske vjere. Zato se vjeruje da je dana\u0161nji dan idealan za smirenje sukoba, raskidanje lo\u0161ih misli i osloba\u0111anje od tereta ljutnje.<\/p>\n\n\n\n<p>\u0160ta se prema obi\u010daju radi<br>Preporu\u010duje se da dan zapo\u010dne u miru, bez sva\u0111a i te\u0161kih rije\u010di. Vjernici se savjetuju da budu strpljivi, blagi i spremni na razumijevanje drugih. Nije povoljan dan za dono\u0161enje ishitrenih odluka, sukobe ili osu\u0111ivanje.<\/p>\n\n\n\n<p>Posebno se isti\u010de va\u017enost molitve. Prema predanju, molitva Svetom Grigoriju Niskom izgovara se sa iskrenom \u017eeljom za mirom u sebi i me\u0111u ljudima.<\/p>\n\n\n\n<p>Molitva glasi:<br>Bo\u017ee otaca na\u0161ih, \u010dini uvek sa nama po Tvojoj krotosti, ne napu\u0161taj nas Tvojom milo\u0161\u0107u, no njihovim molitvama u miru uredi \u017eivot na\u0161. Amin.<\/p>\n\n\n\n<p>Zaklju\u010dak<br>Praznik Svetog Grigorija Niskog podsje\u0107a da prava snaga le\u017ei u smirenju, pra\u0161tanju i istrajnosti u dobru, \u010dak i onda kada smo suo\u010deni s nepravdom. Dana\u0161nji dan nije vezan za stroge spolja\u0161nje zabrane, ve\u0107 za unutra\u0161nju disciplinu, mir i spremnost da se napravi prvi korak ka pomirenju. U tome se, prema vjerovanju, krije najve\u0107i blagoslov ovog praznika.<\/p>\n","protected":false},"excerpt":{"rendered":"<p>Srpska pravoslavna crkva danas obilje\u017eava praznik posve\u0107en Svetom Grigoriju Niskom, jednom od najzna\u010dajnijih svetitelja i bogoslova u istoriji hri\u0161\u0107anstva. Ovaj dan ima posebno duhovno zna\u010denje i prati ga niz obi\u010daja i vjerovanja koji su usmjereni na unutra\u0161nji mir, pra\u0161tanje i duhovno preispitivanje. Ko je bio Sveti Grigorije NiskiSveti Grigorije Niski bio je mla\u0111i brat Svetog [&hellip;]<\/p>\n","protected":false},"author":1,"featured_media":67198,"comment_status":"closed","ping_status":"closed","sticky":false,"template":"","format":"standard","meta":{"footnotes":""},"categories":[10],"tags":[],"class_list":["post-67197","post","type-post","status-publish","format-standard","has-post-thumbnail","hentry","category-zanimljivosti"],"_links":{"self":[{"href":"https:\/\/vaterpolosrbija.rs\/index.php?rest_route=\/wp\/v2\/posts\/67197","targetHints":{"allow":["GET"]}}],"collection":[{"href":"https:\/\/vaterpolosrbija.rs\/index.php?rest_route=\/wp\/v2\/posts"}],"about":[{"href":"https:\/\/vaterpolosrbija.rs\/index.php?rest_route=\/wp\/v2\/types\/post"}],"author":[{"embeddable":true,"href":"https:\/\/vaterpolosrbija.rs\/index.php?rest_route=\/wp\/v2\/users\/1"}],"replies":[{"embeddable":true,"href":"https:\/\/vaterpolosrbija.rs\/index.php?rest_route=%2Fwp%2Fv2%2Fcomments&post=67197"}],"version-history":[{"count":0,"href":"https:\/\/vaterpolosrbija.rs\/index.php?rest_route=\/wp\/v2\/posts\/67197\/revisions"}],"wp:featuredmedia":[{"embeddable":true,"href":"https:\/\/vaterpolosrbija.rs\/index.php?rest_route=\/wp\/v2\/media\/67198"}],"wp:attachment":[{"href":"https:\/\/vaterpolosrbija.rs\/index.php?rest_route=%2Fwp%2Fv2%2Fmedia&parent=67197"}],"wp:term":[{"taxonomy":"category","embeddable":true,"href":"https:\/\/vaterpolosrbija.rs\/index.php?rest_route=%2Fwp%2Fv2%2Fcategories&post=67197"},{"taxonomy":"post_tag","embeddable":true,"href":"https:\/\/vaterpolosrbija.rs\/index.php?rest_route=%2Fwp%2Fv2%2Ftags&post=67197"}],"curies":[{"name":"wp","href":"https:\/\/api.w.org\/{rel}","templated":true}]}}