{"id":67194,"date":"2026-01-22T23:39:22","date_gmt":"2026-01-22T21:39:22","guid":{"rendered":"https:\/\/kvalitetvremena.com\/?p=67194"},"modified":"2026-01-22T23:39:22","modified_gmt":"2026-01-22T21:39:22","slug":"usvojila-sam-djecu-svoje-najbolje-prijateljice-nakon-njene-smrti-a-godinama-kasnije-pojavila-se-nepoznata-zena-s-istinom-koju-je-krila","status":"publish","type":"post","link":"https:\/\/vaterpolosrbija.rs\/?p=67194","title":{"rendered":"Usvojila sam djecu svoje najbolje prijateljice nakon njene smrti, a godinama kasnije pojavila se nepoznata \u017eena s istinom koju je krila"},"content":{"rendered":"\n<p>Kada sam preuzela brigu o \u010detvoro djece svoje najbolje prijateljice nakon njene smrti, vjerovala sam da znam sve o njenom \u017eivotu. Poznavale smo se godinama, dijelile tajne, radosti i tuge. Mislila sam da me\u0111u nama nema nepoznanica. Ipak, godinama kasnije shvatila sam koliko sam se varala.<\/p>\n\n\n\n<p>Rachel i ja upoznale smo se jo\u0161 u srednjoj \u0161koli. Od prvog dana bile smo nerazdvojne. Zajedno smo prolazile kroz fakultet, prve poslove, brakove i maj\u010dinstvo. Ona je bila oli\u010denje topline i strpljenja, osoba koja je uvijek znala smiriti haos i u\u010diniti da se ljudi oko nje osje\u0107aju sigurno. Maj\u010dinstvo joj je bilo najve\u0107a \u017eivotna radost. Sa svakim djetetom njeno srce je, kako je govorila, raslo jo\u0161 vi\u0161e.<\/p>\n\n\n\n<p>Njen mu\u017e Daniel bio je posve\u0107en porodici, a njihov dom je uvijek bio pun dje\u010dije graje, nereda i smijeha. Na\u0161e porodice su se prirodno spojile. Djeca su rasla zajedno, praznici su se slavili zajedni\u010dki, a mi smo \u010desto razgovarale do kasno u no\u0107, uvjerene da je \u017eivot stabilan i predvidiv.<\/p>\n\n\n\n<p>A onda je, u jednom obi\u010dnom danu, sve nestalo.<\/p>\n\n\n\n<p>Daniel je poginuo u saobra\u0107ajnoj nesre\u0107i. Poziv koji sam tada primila nikada ne\u0107u zaboraviti. Rachel nije plakala. Njen glas je bio prazan, kao da je ostala bez snage da osjeti bilo \u0161ta. Nakon sahrane, trudila se da bude jaka zbog djece, ali tuga ju je polako gasila. Nije spavala, mr\u0161avila je, povla\u010dila se u sebe.<\/p>\n\n\n\n<p>Nedugo zatim stigla je nova, jo\u0161 te\u017ea vijest. Dijagnostikovan joj je agresivan oblik raka. Prognoze nisu bile dobre. Bez razmi\u0161ljanja sam se uklju\u010dila u svakodnevni \u017eivot njene porodice. Vodila sam djecu u \u0161kolu, kuhala, \u010distila, bila uz nju tokom terapija. Nikada se nije \u017ealila, \u010dak ni kada je postalo jasno da lije\u010denje ne daje rezultate.<\/p>\n\n\n\n<p>\u0160est mjeseci kasnije, Rachel je preminula. Bila sam uz nju u bolnici kada mi je, jedva \u010dujno, zatra\u017eila jedno obe\u0107anje. Da njena djeca nikada ne budu sama. Obe\u0107ala sam bez razmi\u0161ljanja, uvjerena da je to najte\u017ea stvar koju \u0107u ikada u\u010diniti.<\/p>\n\n\n\n<p>Ipak, pravi izazovi tek su dolazili.<\/p>\n\n\n\n<p>Nije bilo bliske porodice koja bi mogla preuzeti brigu o \u010detvoro djece. Kada su se nadle\u017ene slu\u017ebe obratile nama, suprug i ja smo znali odgovor i prije nego \u0161to je pitanje zavr\u0161eno. Usvojili smo svu \u010detvoro. Preko no\u0107i, na\u0161a porodica se udvostru\u010dila.<\/p>\n\n\n\n<p>Po\u010detak je bio izuzetno te\u017eak. Djeca su tugovala na razli\u010dite na\u010dine. Neko je plakao no\u0107ima, neko se povukao u ti\u0161inu, neko je bio ljut. \u010cesto sam se pitala da li je ljubav dovoljna da zalije\u010di takav gubitak.<\/p>\n\n\n\n<p>Vremenom, pokazalo se da jeste. Djeca su po\u010dela da se smiruju, da se ponovo smiju, da na\u0161 dom zovu svojim. Godine su prolazile, \u017eivot se stabilizovao i \u010dinilo se da je najgore iza nas.<\/p>\n\n\n\n<p>Sve dok jednog mirnog popodneva neko nije pokucao na vrata.<\/p>\n\n\n\n<p>Na pragu je stajala nepoznata \u017eena, smirena i ozbiljna. Rekla je da je poznavala Rachel i da imam pravo da znam istinu. U ruke mi je pru\u017eila kovertu i bez dodatnih obja\u0161njenja oti\u0161la.<\/p>\n\n\n\n<p>U koverti je bilo pismo, napisano Rachel-inim rukopisom.<\/p>\n\n\n\n<p>U njemu je opisala \u017eivot prije mene. Porodicu i okru\u017eenje iz kojeg je pobjegla, svijet kontrole, mo\u0107i i o\u010dekivanja u kojem se gu\u0161ila. Ona i Daniel su promijenili imena i zapo\u010deli novi, mirniji \u017eivot. Godinama je to funkcionisalo. Sve dok pro\u0161lost nije zaprijetila da ih sustigne.<\/p>\n\n\n\n<p>Objasnila je da Danielova smrt nije bila slu\u010dajna i da je, kada se razboljela, shvatila da joj vrijeme isti\u010de. Ne samo \u017eivot, ve\u0107 i prilika da za\u0161titi djecu. Zato je sve unaprijed pripremila, pravno i organizaciono, kako bi djeca ostala sa mnom. Izabrala me jer sam bila obi\u010dna, neupadljiva i sigurna. I jer sam voljela njenu djecu bez ikakvih uslova.<\/p>\n\n\n\n<p>Dok sam \u010ditala pismo, shvatila sam da me nije iznevjerila. Povjerila mi je ono najvrijednije \u0161to je imala.<\/p>\n\n\n\n<p>Te ve\u010deri sam, kao i mnogo puta prije, uspavala svu djecu i tiho im obe\u0107ala da su sigurni i da ih nikada ne\u0107u napustiti.<\/p>\n\n\n\n<p>Rachel nije bje\u017eala od pro\u0161losti.<br>Bje\u017eala je ka budu\u0107nosti svoje djece.<\/p>\n\n\n\n<p>A ja sam odlu\u010dila da tu budu\u0107nost \u010duvam, bez obzira na to ko se jo\u0161 pojavi na vratima.<\/p>\n","protected":false},"excerpt":{"rendered":"<p>Kada sam preuzela brigu o \u010detvoro djece svoje najbolje prijateljice nakon njene smrti, vjerovala sam da znam sve o njenom \u017eivotu. Poznavale smo se godinama, dijelile tajne, radosti i tuge. Mislila sam da me\u0111u nama nema nepoznanica. Ipak, godinama kasnije shvatila sam koliko sam se varala. Rachel i ja upoznale smo se jo\u0161 u srednjoj [&hellip;]<\/p>\n","protected":false},"author":1,"featured_media":67195,"comment_status":"closed","ping_status":"closed","sticky":false,"template":"","format":"standard","meta":{"footnotes":""},"categories":[12],"tags":[],"class_list":["post-67194","post","type-post","status-publish","format-standard","has-post-thumbnail","hentry","category-ispovijest"],"_links":{"self":[{"href":"https:\/\/vaterpolosrbija.rs\/index.php?rest_route=\/wp\/v2\/posts\/67194","targetHints":{"allow":["GET"]}}],"collection":[{"href":"https:\/\/vaterpolosrbija.rs\/index.php?rest_route=\/wp\/v2\/posts"}],"about":[{"href":"https:\/\/vaterpolosrbija.rs\/index.php?rest_route=\/wp\/v2\/types\/post"}],"author":[{"embeddable":true,"href":"https:\/\/vaterpolosrbija.rs\/index.php?rest_route=\/wp\/v2\/users\/1"}],"replies":[{"embeddable":true,"href":"https:\/\/vaterpolosrbija.rs\/index.php?rest_route=%2Fwp%2Fv2%2Fcomments&post=67194"}],"version-history":[{"count":0,"href":"https:\/\/vaterpolosrbija.rs\/index.php?rest_route=\/wp\/v2\/posts\/67194\/revisions"}],"wp:featuredmedia":[{"embeddable":true,"href":"https:\/\/vaterpolosrbija.rs\/index.php?rest_route=\/wp\/v2\/media\/67195"}],"wp:attachment":[{"href":"https:\/\/vaterpolosrbija.rs\/index.php?rest_route=%2Fwp%2Fv2%2Fmedia&parent=67194"}],"wp:term":[{"taxonomy":"category","embeddable":true,"href":"https:\/\/vaterpolosrbija.rs\/index.php?rest_route=%2Fwp%2Fv2%2Fcategories&post=67194"},{"taxonomy":"post_tag","embeddable":true,"href":"https:\/\/vaterpolosrbija.rs\/index.php?rest_route=%2Fwp%2Fv2%2Ftags&post=67194"}],"curies":[{"name":"wp","href":"https:\/\/api.w.org\/{rel}","templated":true}]}}